{"id":1038,"date":"2015-11-18T14:16:29","date_gmt":"2015-11-18T12:16:29","guid":{"rendered":"https:\/\/jean-monnet-saar.eu\/?p=1038"},"modified":"2021-01-26T14:22:22","modified_gmt":"2021-01-26T12:22:22","slug":"sebastian-zeitzmann-im-sr-interview-zur-erstmaligen-anwendung-des-art-42-abs-7-euv-beistandsfall","status":"publish","type":"post","link":"https:\/\/jean-monnet-saar.eu\/?p=1038","title":{"rendered":"Sebastian Zeitzmann im SR-Interview zur erstmaligen Anwendung des Art. 42 Abs. 7 EUV (Beistandsfall)"},"content":{"rendered":"<p>Sebastian Zeitzmann, Mitarbeiter des Jean-Monnet-Lehrstuhls f\u00fcr Europarecht und Europ\u00e4ische Integration von Prof. Dr. Giegerich, \u00e4u\u00dferte sich am 17.11.15 im Aktuellen Bericht des SR Fernsehen zu der offiziellen Bitte Frankreichs auf Beistand der EU.<\/p>\n<p>Am Morgen des 17.11.15 berief sich der franz\u00f6sische Verteidigungsminister Le Drian bei einem Treffen mit seinen EU-Amtskollegen\u00a0auf Art. 42 Abs. 7 EUV.<a href=\"#_ftn1\" name=\"_ftnref1\">[1]<\/a>\u00a0Diese &#8222;Beistandsklausel&#8220; hat \u00c4hnlichkeiten mit Art. 5 des NATO-Statuts. Im Interview geht Sebastian Zeitzmann darauf ein, warum sich Frankreich weder auf Art. 5 des NATO-Statuts, noch auf Art. 222 AEUV berufen, sondern vielmehr auf Art. 42 Abs. 7 EUV rekurriert hat &#8211; eine Norm, die bisher noch nie in Anspruch genommen wurde.<\/p>\n<p>Das ganze Video der SR-Produktion* kann <strong><a href=\"https:\/\/jean-monnet-saar.eu\/wp-content\/uploads\/2016\/03\/zeitzmannSR.mp4\">hier<\/a><\/strong> angeschaut werden.<\/p>\n<p>\u2014\u2014\u2014\u2014\u2014\u2014\u2014\u2014\u2014\u2014\u2014\u2014\u2014\u2014\u2014\u2014<\/p>\n<p><a href=\"#_ftnref1\" name=\"_ftn1\">[1]<\/a>\u00a0EU Defence Ministers ready to assist France after Paris Attacks, EEAS Press Release, 17.11.15, abrufbar unter\u00a0<a href=\"http:\/\/eeas.europa.eu\/top_stories\/2015\/171115_fac_defence_france_en.htm\">http:\/\/eeas.europa.eu\/top_stories\/2015\/171115_fac_defence_france_en.htm<\/a> (zuletzt abgefragt am 18.11.15).<\/p>\n<p>* Die SR-Produktion ist bis zum 22.03.17 online.<\/p>\n","protected":false},"excerpt":{"rendered":"<p>Sebastian Zeitzmann, Mitarbeiter des Jean-Monnet-Lehrstuhls f\u00fcr Europarecht und Europ\u00e4ische Integration von Prof. Dr. Giegerich, \u00e4u\u00dferte sich am 17.11.15 im Aktuellen Bericht des SR Fernsehen zu<\/p>\n","protected":false},"author":16,"featured_media":1040,"comment_status":"closed","ping_status":"closed","sticky":false,"template":"","format":"standard","meta":{"footnotes":""},"categories":[1],"tags":[147,149,148],"class_list":["post-1038","post","type-post","status-publish","format-standard","has-post-thumbnail","hentry","category-allgemein","tag-art-42-abs-7-euv","tag-europaeischer-beistandsfall","tag-terror-in-paris"],"cc_featured_image_caption":{"caption_text":false,"source_text":false,"source_url":false},"_links":{"self":[{"href":"https:\/\/jean-monnet-saar.eu\/index.php?rest_route=\/wp\/v2\/posts\/1038","targetHints":{"allow":["GET"]}}],"collection":[{"href":"https:\/\/jean-monnet-saar.eu\/index.php?rest_route=\/wp\/v2\/posts"}],"about":[{"href":"https:\/\/jean-monnet-saar.eu\/index.php?rest_route=\/wp\/v2\/types\/post"}],"author":[{"embeddable":true,"href":"https:\/\/jean-monnet-saar.eu\/index.php?rest_route=\/wp\/v2\/users\/16"}],"replies":[{"embeddable":true,"href":"https:\/\/jean-monnet-saar.eu\/index.php?rest_route=%2Fwp%2Fv2%2Fcomments&post=1038"}],"version-history":[{"count":0,"href":"https:\/\/jean-monnet-saar.eu\/index.php?rest_route=\/wp\/v2\/posts\/1038\/revisions"}],"wp:featuredmedia":[{"embeddable":true,"href":"https:\/\/jean-monnet-saar.eu\/index.php?rest_route=\/wp\/v2\/media\/1040"}],"wp:attachment":[{"href":"https:\/\/jean-monnet-saar.eu\/index.php?rest_route=%2Fwp%2Fv2%2Fmedia&parent=1038"}],"wp:term":[{"taxonomy":"category","embeddable":true,"href":"https:\/\/jean-monnet-saar.eu\/index.php?rest_route=%2Fwp%2Fv2%2Fcategories&post=1038"},{"taxonomy":"post_tag","embeddable":true,"href":"https:\/\/jean-monnet-saar.eu\/index.php?rest_route=%2Fwp%2Fv2%2Ftags&post=1038"}],"curies":[{"name":"wp","href":"https:\/\/api.w.org\/{rel}","templated":true}]}}