{"id":104931,"date":"2021-10-04T11:23:17","date_gmt":"2021-10-04T09:23:17","guid":{"rendered":"https:\/\/jean-monnet-saar.eu\/?p=104931"},"modified":"2021-10-04T11:23:19","modified_gmt":"2021-10-04T09:23:19","slug":"das-virus-ist-kein-studienanfaenger-mehr-rechtfertigt-der-wunsch-nach-rueckkehr-zum-praesenzbetrieb-an-den-universitaeten-eine-impfpflicht-teil-ii","status":"publish","type":"post","link":"https:\/\/jean-monnet-saar.eu\/?p=104931","title":{"rendered":"\u201eDas Virus ist kein Studienanf\u00e4nger mehr\u201c \u2013 Rechtfertigt der Wunsch nach R\u00fcckkehr zum Pr\u00e4senzbetrieb an den Universit\u00e4ten eine Impfpflicht? &#8211; Teil II"},"content":{"rendered":"\n<p>Die letzte Woche unseres Online-Symposiums &#8222;Human Rights during the pandemic&#8220; beginnt mit der Fortsetzung des Beitrags von Karoline Dolgowski. <\/p>\n\n\n\n<p>Der Beitrag ist <a href=\"https:\/\/jean-monnet-saar.eu\/?page_id=104917\" data-type=\"page\" data-id=\"104917\">hier<\/a> abrufbar.<\/p>\n\n\n\n<p>Den ersten Teil finden Sie <a href=\"https:\/\/jean-monnet-saar.eu\/?page_id=103910\" data-type=\"page\" data-id=\"103910\">hier<\/a>.<\/p>\n","protected":false},"excerpt":{"rendered":"<p>Die letzte Woche unseres Online-Symposiums &#8222;Human Rights during the pandemic&#8220; beginnt mit der Fortsetzung des Beitrags von Karoline Dolgowski. Der Beitrag ist hier abrufbar. Den<\/p>\n","protected":false},"author":16,"featured_media":96651,"comment_status":"closed","ping_status":"closed","sticky":false,"template":"","format":"standard","meta":{"footnotes":""},"categories":[1],"tags":[509,174,157,642],"class_list":["post-104931","post","type-post","status-publish","format-standard","has-post-thumbnail","hentry","category-allgemein","tag-covid19","tag-europarecht","tag-human-rights","tag-online-symposium"],"cc_featured_image_caption":{"caption_text":false,"source_text":false,"source_url":false},"_links":{"self":[{"href":"https:\/\/jean-monnet-saar.eu\/index.php?rest_route=\/wp\/v2\/posts\/104931","targetHints":{"allow":["GET"]}}],"collection":[{"href":"https:\/\/jean-monnet-saar.eu\/index.php?rest_route=\/wp\/v2\/posts"}],"about":[{"href":"https:\/\/jean-monnet-saar.eu\/index.php?rest_route=\/wp\/v2\/types\/post"}],"author":[{"embeddable":true,"href":"https:\/\/jean-monnet-saar.eu\/index.php?rest_route=\/wp\/v2\/users\/16"}],"replies":[{"embeddable":true,"href":"https:\/\/jean-monnet-saar.eu\/index.php?rest_route=%2Fwp%2Fv2%2Fcomments&post=104931"}],"version-history":[{"count":0,"href":"https:\/\/jean-monnet-saar.eu\/index.php?rest_route=\/wp\/v2\/posts\/104931\/revisions"}],"wp:featuredmedia":[{"embeddable":true,"href":"https:\/\/jean-monnet-saar.eu\/index.php?rest_route=\/wp\/v2\/media\/96651"}],"wp:attachment":[{"href":"https:\/\/jean-monnet-saar.eu\/index.php?rest_route=%2Fwp%2Fv2%2Fmedia&parent=104931"}],"wp:term":[{"taxonomy":"category","embeddable":true,"href":"https:\/\/jean-monnet-saar.eu\/index.php?rest_route=%2Fwp%2Fv2%2Fcategories&post=104931"},{"taxonomy":"post_tag","embeddable":true,"href":"https:\/\/jean-monnet-saar.eu\/index.php?rest_route=%2Fwp%2Fv2%2Ftags&post=104931"}],"curies":[{"name":"wp","href":"https:\/\/api.w.org\/{rel}","templated":true}]}}