{"id":1056,"date":"2015-11-19T10:31:15","date_gmt":"2015-11-19T08:31:15","guid":{"rendered":"https:\/\/jean-monnet-saar.eu\/?p=1056"},"modified":"2021-01-26T12:28:28","modified_gmt":"2021-01-26T10:28:28","slug":"prof-dr-giegerich-erstellt-gutachten-zu-hotspots-und-asyl-auf-anfrage-der-saarlaendischen-staatskanzlei","status":"publish","type":"post","link":"https:\/\/jean-monnet-saar.eu\/?p=1056","title":{"rendered":"Prof. Dr. Giegerich erstellt Gutachten zu Hotspots und Asyl auf Anfrage der saarl\u00e4ndischen Staatskanzlei"},"content":{"rendered":"<h2>Gutachten zu Rechtsfragen eines Einsatzes deutscher Verwaltungsbeamter zur Bearbeitung von Asylantr\u00e4gen nach deutschem Recht in Erstaufnahme-Hotspots anderer EU-Mitgliedstaaten an den EU-Au\u00dfengrenzen<\/h2>\n<p><a href=\"http:\/\/www.uni-saarland.de\/lehrstuhl\/giegerich\/prof.html\" target=\"_blank\" rel=\"noopener\">Prof. Dr. Thomas Giegerich, LL.M.<\/a> behandelt in dieser Ver\u00f6ffentlichung m\u00f6gliche Rechtsfragen, die sich bei einem Einsatz deutscher Verwaltungsbeamte in Hotspots im EU-Ausland ergeben k\u00f6nnten. Dabei geht er auf eine v\u00f6lkerrechtliche, europarechtliche und verfassungsrechtliche Bewertung ein. Grundlage des Gutachtens ist eine Anfrage der saarl\u00e4ndischen Staatskanzlei zu den hier besprochenen Fragestellungen. Der Beitrag kann in unserer<a title=\"Saar Expert Papers\" href=\"https:\/\/jean-monnet-saar.eu\/?page_id=70\" target=\"_blank\" rel=\"noopener\"> Saar-Expert-Paper<\/a> Sektion abgerufen bzw. <strong><a href=\"https:\/\/jean-monnet-saar.eu\/wp-content\/uploads\/2013\/12\/Giegerich112015neu.pdf\" target=\"_blank\" rel=\"noopener\">hier direkt heruntergeladen<\/a><\/strong> werden.<\/p>\n<p>Eine Ver\u00f6ffentlichung in der Zeitschrift f\u00fcr Europarechtliche Studien (ZEuS) ist im Laufe des Jahres 2016 vorgesehen.<\/p>\n<p>Quelle des Titelbildes: http:\/\/www.flickr.com\/photos\/noborder\/2495544558\/<br \/>\nUrheber des Titelbildes: Sara Prestianni \/ noborder network<\/p>\n","protected":false},"excerpt":{"rendered":"<p>Gutachten zu Rechtsfragen eines Einsatzes deutscher Verwaltungsbeamter zur Bearbeitung von Asylantr\u00e4gen nach deutschem Recht in Erstaufnahme-Hotspots anderer EU-Mitgliedstaaten an den EU-Au\u00dfengrenzen Prof. Dr. Thomas Giegerich,<\/p>\n","protected":false},"author":16,"featured_media":1059,"comment_status":"closed","ping_status":"closed","sticky":false,"template":"","format":"standard","meta":{"footnotes":""},"categories":[1],"tags":[155,154,153],"class_list":["post-1056","post","type-post","status-publish","format-standard","has-post-thumbnail","hentry","category-allgemein","tag-aslyverfahren","tag-fluechtlingskrise","tag-hotspots"],"cc_featured_image_caption":{"caption_text":false,"source_text":false,"source_url":false},"_links":{"self":[{"href":"https:\/\/jean-monnet-saar.eu\/index.php?rest_route=\/wp\/v2\/posts\/1056","targetHints":{"allow":["GET"]}}],"collection":[{"href":"https:\/\/jean-monnet-saar.eu\/index.php?rest_route=\/wp\/v2\/posts"}],"about":[{"href":"https:\/\/jean-monnet-saar.eu\/index.php?rest_route=\/wp\/v2\/types\/post"}],"author":[{"embeddable":true,"href":"https:\/\/jean-monnet-saar.eu\/index.php?rest_route=\/wp\/v2\/users\/16"}],"replies":[{"embeddable":true,"href":"https:\/\/jean-monnet-saar.eu\/index.php?rest_route=%2Fwp%2Fv2%2Fcomments&post=1056"}],"version-history":[{"count":0,"href":"https:\/\/jean-monnet-saar.eu\/index.php?rest_route=\/wp\/v2\/posts\/1056\/revisions"}],"wp:featuredmedia":[{"embeddable":true,"href":"https:\/\/jean-monnet-saar.eu\/index.php?rest_route=\/wp\/v2\/media\/1059"}],"wp:attachment":[{"href":"https:\/\/jean-monnet-saar.eu\/index.php?rest_route=%2Fwp%2Fv2%2Fmedia&parent=1056"}],"wp:term":[{"taxonomy":"category","embeddable":true,"href":"https:\/\/jean-monnet-saar.eu\/index.php?rest_route=%2Fwp%2Fv2%2Fcategories&post=1056"},{"taxonomy":"post_tag","embeddable":true,"href":"https:\/\/jean-monnet-saar.eu\/index.php?rest_route=%2Fwp%2Fv2%2Ftags&post=1056"}],"curies":[{"name":"wp","href":"https:\/\/api.w.org\/{rel}","templated":true}]}}