{"id":1080,"date":"2015-11-26T11:51:11","date_gmt":"2015-11-26T09:51:11","guid":{"rendered":"https:\/\/jean-monnet-saar.eu\/?p=1080"},"modified":"2018-05-24T09:29:54","modified_gmt":"2018-05-24T07:29:54","slug":"die-fluechtlings-und-migrationskrise-sebastian-zeitzmann-zu-diesbezueglichen-europaeischen-perspektiven","status":"publish","type":"post","link":"https:\/\/jean-monnet-saar.eu\/?p=1080","title":{"rendered":"Die Fl\u00fcchtlings- und Migrationskrise: Sebastian Zeitzmann zu diesbez\u00fcglichen Europ\u00e4ischen Perspektiven"},"content":{"rendered":"<p>Der wissenschaftliche Mitarbeiter am Jean-Monnet-Lehrstuhl Sebastian Zeitzmann hat am 25.11.15 an der Europ\u00e4ischen Akademie Otzenhausen (EAO) einen Vortrag zu den Perspektiven Europas im Hinblick auf die gegenw\u00e4rtige Fl\u00fcchtlings- und Migrationskrise gehalten. Dies erfolgte im Rahmen des Afrika-Forums 2015 an der EAO. Im Rahmen dieser interdisziplin\u00e4ren Veranstaltung befassen sich Praktiker und Wissenschaftler jedes Jahr mit aktuellen Fragestellungen den afrikanischen Kontinent betreffend und diskutieren \u00fcber gegenw\u00e4rtige Herausforderungen, denen sich Afrika und, damit verbunden, Europa stellen m\u00fcssen.<\/p>\n<p style=\"text-align: justify;\">Neben Sebastian Zeitzmann sa\u00df mit Max-Peter Ratzel der ehemalige Direktor der EU-Grenzschutzbeh\u00f6rde Frontex auf dem Panel, um sicherheitspolitische Fragen zu diskutieren und \u00fcber den Schutz der EU-Au\u00dfengrenzen zu referieren.<\/p>\n<p style=\"text-align: justify;\">Sebastian Zeitzmann kritisierte, dass sich in der Krise gezeigt habe, dass die Europ\u00e4ische Union im Hinblick auf ihr Selbstverst\u00e4ndnis als Rechts- sowie Solidargemeinschaft in Belastungssituationen an ihre Grenzen gekommen ist. Die im Rahmen der Asyl- und Einwanderungspolitik bestehenden Mechanismen, bekannt als Dublin-System, w\u00fcrden seit Jahren von den Mitgliedstaaten gebrochen oder \u2013 wie die Masseneinwanderungs-Richtlinie 2001\/55 \u2013 nicht ins Werk gesetzt. Zudem manifestiere sich ein den Grundwerten der Union entgegenstehender Mangel an Solidarit\u00e4t zwischen den Mitgliedstaaten \u2013 und dies nicht nur im Fall der Staaten, welche die Aufnahme von Fl\u00fcchtlingen verweigern oder diese in andere Staaten weiterleiten, sondern auch im Falle Deutschlands, wenn es, ohne die Auswirkungen auf Staaten entlang der Fl\u00fcchtlingsroute zu ber\u00fccksichtigen, sich uneingeschr\u00e4nkt und scheinbar unbeschr\u00e4nkt f\u00fcr Fl\u00fcchtlinge und Migranten offenzeigt.<\/p>\n<p style=\"text-align: justify;\">Am Besorgniserregendsten sei jedoch, so Sebastian Zeitzmann, die Gef\u00e4hrdung einer der gr\u00f6\u00dften Errungenschaften der Europ\u00e4ischen Integration: des gemeinsamen Schengen-Raumes. Mit der Wiedereinf\u00fchrung von Grenzkontrollen sowie dem Bau von Z\u00e4unen und Mauern an zahlreichen Binnengrenzen der Union, die zur partiellen oder nahezu vollst\u00e4ndigen Abschottung einzelner EU-Staaten gef\u00fchrt h\u00e4tten, entwickelten sich Zentrifugalkr\u00e4fte zwischen den Mitgliedstaaten der Union, welche eine gef\u00e4hrliche Eigendynamik entwickeln k\u00f6nnten. Zwar geht Sebastian Zeitzmann nicht so weit wie Jean-Claude Juncker, der in einer Mitteilung vom selben Tag hervorhob, dass ein Scheitern Schengens auch ein Scheitern der gemeinsamen W\u00e4hrung nach sich ziehen w\u00fcrde. Dennoch sei Schengen ein Leuchtturm f\u00fcr die EU-Integration und daher unter allen Umst\u00e4nden zu verteidigen und dauerhaft zu bewahren.<\/p>\n<p style=\"text-align: justify;\">Sebastian Zeitzmann betonte die Notwendigkeit der R\u00fcckkehr der Union zur Rechts- und Solidargemeinschaft, eine Verteidigung des erreichten Integrationsstands, die Aufnahme von Fl\u00fcchtlingen unter Beachtung europ\u00e4ischen und nationalen Einwanderungsrechts sowie die schnellstm\u00f6gliche Integration der Neuank\u00f6mmlinge in die Zivilgesellschaften der EU-Mitgliedstaaten. Gel\u00e4nge dies, ginge mit der Fl\u00fcchtlingskrise eine erhebliche Chance f\u00fcr einen alternden, schrumpfenden und an Dynamik verlierenden Kontinent einher. Zudem hob Sebastian Zeitzmann hervor, dass die EU und ihre Mitgliedstaaten Fluchtursachen in den Herkunftsstaaten der Migranten bek\u00e4mpfen m\u00fcssten. In Anbetracht von potentiell Millionen drohender Klimafl\u00fcchtlinge aus Afrika in den n\u00e4chsten Jahrzehnten unterstrich er die Notwendigkeit, dass die Union im Rahmen einer internationalen Klimaschutzpolitik eine Vorreiterrolle einnimmt.<\/p>\n<p style=\"text-align: justify;\"><a href=\"https:\/\/jean-monnet-saar.eu\/wp-content\/uploads\/2015\/11\/Bericht-SZ-27112015.jpg\"><img loading=\"lazy\" decoding=\"async\" class=\"wp-image-1096 alignright\" src=\"https:\/\/jean-monnet-saar.eu\/wp-content\/uploads\/2015\/11\/Bericht-SZ-27112015-300x205.jpg\" alt=\"Bericht SZ 27112015\" width=\"332\" height=\"227\" srcset=\"https:\/\/jean-monnet-saar.eu\/wp-content\/uploads\/2015\/11\/Bericht-SZ-27112015-300x205.jpg 300w, https:\/\/jean-monnet-saar.eu\/wp-content\/uploads\/2015\/11\/Bericht-SZ-27112015-1024x698.jpg 1024w, https:\/\/jean-monnet-saar.eu\/wp-content\/uploads\/2015\/11\/Bericht-SZ-27112015-900x614.jpg 900w, https:\/\/jean-monnet-saar.eu\/wp-content\/uploads\/2015\/11\/Bericht-SZ-27112015.jpg 1516w\" sizes=\"auto, (max-width: 332px) 100vw, 332px\" \/><\/a><\/p>\n<p style=\"text-align: justify;\"><a href=\"https:\/\/jean-monnet-saar.eu\/wp-content\/uploads\/2015\/11\/DSCN4696.jpg\"><img loading=\"lazy\" decoding=\"async\" class=\"wp-image-1081 alignleft\" src=\"https:\/\/jean-monnet-saar.eu\/wp-content\/uploads\/2015\/11\/DSCN4696-300x225.jpg\" alt=\"DSCN4696\" width=\"300\" height=\"225\" srcset=\"https:\/\/jean-monnet-saar.eu\/wp-content\/uploads\/2015\/11\/DSCN4696-300x225.jpg 300w, https:\/\/jean-monnet-saar.eu\/wp-content\/uploads\/2015\/11\/DSCN4696-1024x768.jpg 1024w, https:\/\/jean-monnet-saar.eu\/wp-content\/uploads\/2015\/11\/DSCN4696-900x675.jpg 900w\" sizes=\"auto, (max-width: 300px) 100vw, 300px\" \/><\/a> <a href=\"https:\/\/jean-monnet-saar.eu\/wp-content\/uploads\/2015\/11\/DSCN4707.jpg\"><img loading=\"lazy\" decoding=\"async\" class=\"size-medium wp-image-1082 alignleft\" src=\"https:\/\/jean-monnet-saar.eu\/wp-content\/uploads\/2015\/11\/DSCN4707-300x225.jpg\" alt=\"DSCN4707\" width=\"300\" height=\"225\" srcset=\"https:\/\/jean-monnet-saar.eu\/wp-content\/uploads\/2015\/11\/DSCN4707-300x225.jpg 300w, https:\/\/jean-monnet-saar.eu\/wp-content\/uploads\/2015\/11\/DSCN4707-1024x768.jpg 1024w, https:\/\/jean-monnet-saar.eu\/wp-content\/uploads\/2015\/11\/DSCN4707-900x675.jpg 900w\" sizes=\"auto, (max-width: 300px) 100vw, 300px\" \/><\/a><\/p>\n","protected":false},"excerpt":{"rendered":"<p>Der wissenschaftliche Mitarbeiter am Jean-Monnet-Lehrstuhl Sebastian Zeitzmann hat am 25.11.15 an der Europ\u00e4ischen Akademie Otzenhausen (EAO) einen Vortrag zu den Perspektiven Europas im Hinblick auf<\/p>\n","protected":false},"author":16,"featured_media":1081,"comment_status":"closed","ping_status":"closed","sticky":false,"template":"","format":"standard","meta":{"footnotes":""},"categories":[1],"tags":[161,154,159,160],"class_list":["post-1080","post","type-post","status-publish","format-standard","has-post-thumbnail","hentry","category-allgemein","tag-afrika","tag-fluechtlingskrise","tag-perspektiven","tag-schengen-system"],"cc_featured_image_caption":{"caption_text":false,"source_text":false,"source_url":false},"_links":{"self":[{"href":"https:\/\/jean-monnet-saar.eu\/index.php?rest_route=\/wp\/v2\/posts\/1080","targetHints":{"allow":["GET"]}}],"collection":[{"href":"https:\/\/jean-monnet-saar.eu\/index.php?rest_route=\/wp\/v2\/posts"}],"about":[{"href":"https:\/\/jean-monnet-saar.eu\/index.php?rest_route=\/wp\/v2\/types\/post"}],"author":[{"embeddable":true,"href":"https:\/\/jean-monnet-saar.eu\/index.php?rest_route=\/wp\/v2\/users\/16"}],"replies":[{"embeddable":true,"href":"https:\/\/jean-monnet-saar.eu\/index.php?rest_route=%2Fwp%2Fv2%2Fcomments&post=1080"}],"version-history":[{"count":0,"href":"https:\/\/jean-monnet-saar.eu\/index.php?rest_route=\/wp\/v2\/posts\/1080\/revisions"}],"wp:featuredmedia":[{"embeddable":true,"href":"https:\/\/jean-monnet-saar.eu\/index.php?rest_route=\/wp\/v2\/media\/1081"}],"wp:attachment":[{"href":"https:\/\/jean-monnet-saar.eu\/index.php?rest_route=%2Fwp%2Fv2%2Fmedia&parent=1080"}],"wp:term":[{"taxonomy":"category","embeddable":true,"href":"https:\/\/jean-monnet-saar.eu\/index.php?rest_route=%2Fwp%2Fv2%2Fcategories&post=1080"},{"taxonomy":"post_tag","embeddable":true,"href":"https:\/\/jean-monnet-saar.eu\/index.php?rest_route=%2Fwp%2Fv2%2Ftags&post=1080"}],"curies":[{"name":"wp","href":"https:\/\/api.w.org\/{rel}","templated":true}]}}