{"id":1091,"date":"2015-11-27T10:15:09","date_gmt":"2015-11-27T08:15:09","guid":{"rendered":"https:\/\/jean-monnet-saar.eu\/?p=1091"},"modified":"2021-01-26T12:25:02","modified_gmt":"2021-01-26T10:25:02","slug":"hassreden-auf-facebook-wie-weit-geht-die-meinungsfreiheit","status":"publish","type":"post","link":"https:\/\/jean-monnet-saar.eu\/?p=1091","title":{"rendered":"Hassreden auf Facebook \u2013 Wie weit geht die Meinungsfreiheit?"},"content":{"rendered":"<p style=\"text-align: justify;\">Der neueste Aufsatz in der <a href=\"https:\/\/jean-monnet-saar.eu\/?page_id=67\">E-Paper Serie Blueprints<\/a> zum Thema \u201eHassreden auf Facebook \u2013 Wie weit geht die Meinungsfreiheit?\u201c nimmt sich dem derzeit weitverbreiteten Ph\u00e4nomen der Ver\u00f6ffentlichung, Verbreitung und Zelebration von Hassreden auf Blogs und in soziale Netzwerke wie Facebook an. Er besch\u00e4ftigt sich in diesem Zusammenhang mit der Frage, wann ein Post auf Facebook noch von der Meinungsfreiheit gedeckt ist und ab welchem Punkt dies nicht mehr der Fall ist, der Post also gel\u00f6scht werden muss.<\/p>\n<p style=\"text-align: justify;\">Dabei wird im Speziellen auf das Problem eingegangen, wie das Recht auf freie Meinungs\u00e4u\u00dferung und der Schutz des allgemeinen Pers\u00f6nlichkeitsrechts, sowie der Schutz der freiheitlich demokratischen Grundordnung insbesondere in der digitalen Welt in Einklang zu bringen sind.<\/p>\n<p style=\"text-align: justify;\">Der Beitrag\u00a0ist \u00fcber\u00a0<a href=\"https:\/\/jean-monnet-saar.eu\/wp-content\/uploads\/2013\/12\/Artikel-Facebook-Posts.pdf\">https:\/\/jean-monnet-saar.eu\/wp-content\/uploads\/2013\/12\/Artikel-Facebook-Posts.pdf<\/a> direkt abrufbar.<\/p>\n","protected":false},"excerpt":{"rendered":"<p>Der neueste Aufsatz in der E-Paper Serie Blueprints zum Thema \u201eHassreden auf Facebook \u2013 Wie weit geht die Meinungsfreiheit?\u201c nimmt sich dem derzeit weitverbreiteten Ph\u00e4nomen<\/p>\n","protected":false},"author":16,"featured_media":1025,"comment_status":"closed","ping_status":"closed","sticky":false,"template":"","format":"standard","meta":{"footnotes":""},"categories":[1],"tags":[166,162,144,163,164,165],"class_list":["post-1091","post","type-post","status-publish","format-standard","has-post-thumbnail","hentry","category-allgemein","tag-allgemeines-persoenlichkeitsrecht","tag-blueprint","tag-facebook","tag-hassreden","tag-hate-speech","tag-meinungsfreiheit"],"cc_featured_image_caption":{"caption_text":false,"source_text":false,"source_url":false},"_links":{"self":[{"href":"https:\/\/jean-monnet-saar.eu\/index.php?rest_route=\/wp\/v2\/posts\/1091","targetHints":{"allow":["GET"]}}],"collection":[{"href":"https:\/\/jean-monnet-saar.eu\/index.php?rest_route=\/wp\/v2\/posts"}],"about":[{"href":"https:\/\/jean-monnet-saar.eu\/index.php?rest_route=\/wp\/v2\/types\/post"}],"author":[{"embeddable":true,"href":"https:\/\/jean-monnet-saar.eu\/index.php?rest_route=\/wp\/v2\/users\/16"}],"replies":[{"embeddable":true,"href":"https:\/\/jean-monnet-saar.eu\/index.php?rest_route=%2Fwp%2Fv2%2Fcomments&post=1091"}],"version-history":[{"count":0,"href":"https:\/\/jean-monnet-saar.eu\/index.php?rest_route=\/wp\/v2\/posts\/1091\/revisions"}],"wp:featuredmedia":[{"embeddable":true,"href":"https:\/\/jean-monnet-saar.eu\/index.php?rest_route=\/wp\/v2\/media\/1025"}],"wp:attachment":[{"href":"https:\/\/jean-monnet-saar.eu\/index.php?rest_route=%2Fwp%2Fv2%2Fmedia&parent=1091"}],"wp:term":[{"taxonomy":"category","embeddable":true,"href":"https:\/\/jean-monnet-saar.eu\/index.php?rest_route=%2Fwp%2Fv2%2Fcategories&post=1091"},{"taxonomy":"post_tag","embeddable":true,"href":"https:\/\/jean-monnet-saar.eu\/index.php?rest_route=%2Fwp%2Fv2%2Ftags&post=1091"}],"curies":[{"name":"wp","href":"https:\/\/api.w.org\/{rel}","templated":true}]}}