{"id":1137,"date":"2016-01-12T14:30:39","date_gmt":"2016-01-12T12:30:39","guid":{"rendered":"https:\/\/jean-monnet-saar.eu\/?p=1137"},"modified":"2021-01-26T12:22:55","modified_gmt":"2021-01-26T10:22:55","slug":"gutachten-zu-rechtsfragen-betreffend-die-erhebung-speicherung-und-verarbeitung-personenbezogener-daten-von-fluechtlingen","status":"publish","type":"post","link":"https:\/\/jean-monnet-saar.eu\/?p=1137","title":{"rendered":"Gutachten zu Rechtsfragen betreffend die Erhebung, Speicherung und Verarbeitung personenbezogener Daten von Fl\u00fcchtlingen"},"content":{"rendered":"<p><a href=\"https:\/\/www.uni-saarland.de\/lehrstuhl\/giegerich\/prof.html\" target=\"_blank\" rel=\"noopener\">Prof. Dr. Thomas Giegerich, LL.M.<\/a>, Dipl.-Jur. Desir\u00e9e Schmitt und Rechtsreferendarin Sabihat Kre\u00df\u00a0behandeln in dem neuen Saar Expert Paper\u00a0m\u00f6gliche Rechtsfragen, die bei der Erhebung, Speicherung und Verarbeitung personenbezogener Daten von Fl\u00fcchtlingen entstehen k\u00f6nnen. Dabei gehen die Verfasser auch der Frage nach, ob eine etwaige Vernetzung dieser Daten verfassungsrechtlich und europarechtlich m\u00f6glich w\u00e4re. Grundlage des Gutachtens\u00a0ist eine Anfrage der saarl\u00e4ndischen Staatskanzlei zu den hier besprochenen Fragestellungen. Der Beitrag kann in unserer<a title=\"Saar Expert Papers\" href=\"https:\/\/jean-monnet-saar.eu\/?page_id=70\" target=\"_blank\" rel=\"noopener\"> Saar-Expert-Paper<\/a> Sektion abgerufen bzw. <strong><a href=\"https:\/\/jean-monnet-saar.eu\/wp-content\/uploads\/2013\/12\/GutachtenDatenschutz.pdf\" target=\"_blank\" rel=\"noopener\">hier direkt heruntergeladen<\/a><\/strong>\u00a0werden.<\/p>\n<p>Eine Ver\u00f6ffentlichung in der Zeitschrift f\u00fcr Europarechtliche Studien (ZEuS) ist im Laufe des Jahres 2016 vorgesehen.<\/p>\n<p>Bildquelle:\u00a0Georgios Giannopoulos,\u00a0https:\/\/commons.wikimedia.org\/wiki\/File:20151030_Syrians_and_Iraq_refugees_arrive_at_Skala_Sykamias_Lesvos_Greece_2.jpg<\/p>\n","protected":false},"excerpt":{"rendered":"<p>Prof. Dr. Thomas Giegerich, LL.M., Dipl.-Jur. Desir\u00e9e Schmitt und Rechtsreferendarin Sabihat Kre\u00df\u00a0behandeln in dem neuen Saar Expert Paper\u00a0m\u00f6gliche Rechtsfragen, die bei der Erhebung, Speicherung und<\/p>\n","protected":false},"author":16,"featured_media":1141,"comment_status":"closed","ping_status":"closed","sticky":false,"template":"","format":"standard","meta":{"footnotes":""},"categories":[1],"tags":[177,50,176,174,124,175],"class_list":["post-1137","post","type-post","status-publish","format-standard","has-post-thumbnail","hentry","category-allgemein","tag-asylrecht","tag-datenschutz","tag-eurodac","tag-europarecht","tag-fluechtlingsrecht","tag-verfassungsrecht"],"cc_featured_image_caption":{"caption_text":false,"source_text":false,"source_url":false},"_links":{"self":[{"href":"https:\/\/jean-monnet-saar.eu\/index.php?rest_route=\/wp\/v2\/posts\/1137","targetHints":{"allow":["GET"]}}],"collection":[{"href":"https:\/\/jean-monnet-saar.eu\/index.php?rest_route=\/wp\/v2\/posts"}],"about":[{"href":"https:\/\/jean-monnet-saar.eu\/index.php?rest_route=\/wp\/v2\/types\/post"}],"author":[{"embeddable":true,"href":"https:\/\/jean-monnet-saar.eu\/index.php?rest_route=\/wp\/v2\/users\/16"}],"replies":[{"embeddable":true,"href":"https:\/\/jean-monnet-saar.eu\/index.php?rest_route=%2Fwp%2Fv2%2Fcomments&post=1137"}],"version-history":[{"count":0,"href":"https:\/\/jean-monnet-saar.eu\/index.php?rest_route=\/wp\/v2\/posts\/1137\/revisions"}],"wp:featuredmedia":[{"embeddable":true,"href":"https:\/\/jean-monnet-saar.eu\/index.php?rest_route=\/wp\/v2\/media\/1141"}],"wp:attachment":[{"href":"https:\/\/jean-monnet-saar.eu\/index.php?rest_route=%2Fwp%2Fv2%2Fmedia&parent=1137"}],"wp:term":[{"taxonomy":"category","embeddable":true,"href":"https:\/\/jean-monnet-saar.eu\/index.php?rest_route=%2Fwp%2Fv2%2Fcategories&post=1137"},{"taxonomy":"post_tag","embeddable":true,"href":"https:\/\/jean-monnet-saar.eu\/index.php?rest_route=%2Fwp%2Fv2%2Ftags&post=1137"}],"curies":[{"name":"wp","href":"https:\/\/api.w.org\/{rel}","templated":true}]}}