{"id":1172,"date":"2016-02-01T12:31:34","date_gmt":"2016-02-01T10:31:34","guid":{"rendered":"https:\/\/jean-monnet-saar.eu\/?p=1172"},"modified":"2021-01-26T12:22:01","modified_gmt":"2021-01-26T10:22:01","slug":"reaktionen-der-eu-auf-das-starke-ansteigen-des-fluechtlingszustroms-seit-april-2015-eine-zeitliche-darstellung","status":"publish","type":"post","link":"https:\/\/jean-monnet-saar.eu\/?p=1172","title":{"rendered":"Reaktionen der EU auf das starke Ansteigen des Fl\u00fcchtlingszustroms seit April 2015 &#8211; Eine zeitliche Darstellung"},"content":{"rendered":"<p style=\"text-align: justify;\">Der neueste Aufsatz in der <a href=\"https:\/\/jean-monnet-saar.eu\/?page_id=67\">E-Paper Serie Blueprints<\/a> zum Thema &#8222;Reaktionen der EU auf das starke Ansteigen des Fl\u00fcchtlingszustroms seit April 2015 &#8211; Eine zeitliche Darstellung&#8220; von <a href=\"https:\/\/www.uni-saarland.de\/lehrstuhl\/giegerich\/team\/desiree-schmitt.html\">Desir\u00e9e Schmitt<\/a>\u00a0befasst sich mit den Ma\u00dfnahmen, die die EU von April bis Dezember 2015 zur Bew\u00e4ltigung der Fl\u00fcchtlingskrise geplant bzw. verwirklicht hat.<\/p>\n<p style=\"text-align: justify;\">Der Beitrag\u00a0ist \u00fcber\u00a0<a href=\"https:\/\/jean-monnet-saar.eu\/wp-content\/uploads\/2013\/12\/Blueprint-Fluechtlingsschutz-EU.pdf\">https:\/\/jean-monnet-saar.eu\/wp-content\/uploads\/2013\/12\/Blueprint-Fluechtlingsschutz-EU.pdf <\/a>direkt abrufbar.<\/p>\n<p>Quelle des Titelbildes:\u00a0https:\/\/commons.wikimedia.org\/wiki\/File:Wien_-_Westbahnhof,_Migranten_am_5_Sep_2015.jpg.<\/p>\n","protected":false},"excerpt":{"rendered":"<p>Der neueste Aufsatz in der E-Paper Serie Blueprints zum Thema &#8222;Reaktionen der EU auf das starke Ansteigen des Fl\u00fcchtlingszustroms seit April 2015 &#8211; Eine zeitliche<\/p>\n","protected":false},"author":16,"featured_media":1173,"comment_status":"closed","ping_status":"closed","sticky":false,"template":"","format":"standard","meta":{"footnotes":""},"categories":[1],"tags":[177,38,124,187,192,190,188,191,13,189],"class_list":["post-1172","post","type-post","status-publish","format-standard","has-post-thumbnail","hentry","category-allgemein","tag-asylrecht","tag-eu","tag-fluechtlingsrecht","tag-frontex","tag-hotspot","tag-quote","tag-schengen","tag-solidaritaet","tag-tuerkei","tag-umverteilung"],"cc_featured_image_caption":{"caption_text":false,"source_text":false,"source_url":false},"_links":{"self":[{"href":"https:\/\/jean-monnet-saar.eu\/index.php?rest_route=\/wp\/v2\/posts\/1172","targetHints":{"allow":["GET"]}}],"collection":[{"href":"https:\/\/jean-monnet-saar.eu\/index.php?rest_route=\/wp\/v2\/posts"}],"about":[{"href":"https:\/\/jean-monnet-saar.eu\/index.php?rest_route=\/wp\/v2\/types\/post"}],"author":[{"embeddable":true,"href":"https:\/\/jean-monnet-saar.eu\/index.php?rest_route=\/wp\/v2\/users\/16"}],"replies":[{"embeddable":true,"href":"https:\/\/jean-monnet-saar.eu\/index.php?rest_route=%2Fwp%2Fv2%2Fcomments&post=1172"}],"version-history":[{"count":0,"href":"https:\/\/jean-monnet-saar.eu\/index.php?rest_route=\/wp\/v2\/posts\/1172\/revisions"}],"wp:featuredmedia":[{"embeddable":true,"href":"https:\/\/jean-monnet-saar.eu\/index.php?rest_route=\/wp\/v2\/media\/1173"}],"wp:attachment":[{"href":"https:\/\/jean-monnet-saar.eu\/index.php?rest_route=%2Fwp%2Fv2%2Fmedia&parent=1172"}],"wp:term":[{"taxonomy":"category","embeddable":true,"href":"https:\/\/jean-monnet-saar.eu\/index.php?rest_route=%2Fwp%2Fv2%2Fcategories&post=1172"},{"taxonomy":"post_tag","embeddable":true,"href":"https:\/\/jean-monnet-saar.eu\/index.php?rest_route=%2Fwp%2Fv2%2Ftags&post=1172"}],"curies":[{"name":"wp","href":"https:\/\/api.w.org\/{rel}","templated":true}]}}