{"id":124098,"date":"2021-11-29T14:44:18","date_gmt":"2021-11-29T12:44:18","guid":{"rendered":"https:\/\/jean-monnet-saar.eu\/?p=124098"},"modified":"2021-11-30T14:01:02","modified_gmt":"2021-11-30T12:01:02","slug":"europarecht-verstaendlich-erklaert-das-europaeische-parlament","status":"publish","type":"post","link":"https:\/\/jean-monnet-saar.eu\/?p=124098","title":{"rendered":"Europarecht verst\u00e4ndlich erkl\u00e4rt: Das Europ\u00e4ische Parlament"},"content":{"rendered":"\n<p>P\u00fcnktlich zum gestrigen 1. Advent freuen wir uns,  das erste Video unserer neuen Reihe &#8222;<strong>Europarecht verst\u00e4ndlich<\/strong>&#8220; im Zusammenarbeit mit Anne Sauder vom <a href=\"https:\/\/ius-saar.eu\/en\/startseite-english\/\">RZE <\/a>zu pr\u00e4sentieren. In <a href=\"https:\/\/see-eu-cluster.cloud.panopto.eu\/Panopto\/Pages\/Viewer.aspx?id=7d67d880-0315-4d60-9b20-adef00c9ab6a\"><strong>diesem Video<\/strong><\/a> erkl\u00e4rt Katharina Koch Funktionsweise und Besonderheiten des Europ\u00e4ischen Parlaments. Es folgen bis Weihnachten Erkl\u00e4rvideos zum Europ\u00e4ischen Rat, der Kommission, dem Rat der EU und dem Europ\u00e4ischen Gerichtshof. <\/p>\n","protected":false},"excerpt":{"rendered":"<p>P\u00fcnktlich zum gestrigen 1. Advent freuen wir uns, das erste Video unserer neuen Reihe &#8222;Europarecht verst\u00e4ndlich&#8220; im Zusammenarbeit mit Anne Sauder vom RZE zu pr\u00e4sentieren.<\/p>\n","protected":false},"author":17,"featured_media":124103,"comment_status":"closed","ping_status":"closed","sticky":false,"template":"","format":"standard","meta":{"footnotes":""},"categories":[1],"tags":[],"class_list":["post-124098","post","type-post","status-publish","format-standard","has-post-thumbnail","hentry","category-allgemein"],"cc_featured_image_caption":{"caption_text":false,"source_text":false,"source_url":false},"_links":{"self":[{"href":"https:\/\/jean-monnet-saar.eu\/index.php?rest_route=\/wp\/v2\/posts\/124098","targetHints":{"allow":["GET"]}}],"collection":[{"href":"https:\/\/jean-monnet-saar.eu\/index.php?rest_route=\/wp\/v2\/posts"}],"about":[{"href":"https:\/\/jean-monnet-saar.eu\/index.php?rest_route=\/wp\/v2\/types\/post"}],"author":[{"embeddable":true,"href":"https:\/\/jean-monnet-saar.eu\/index.php?rest_route=\/wp\/v2\/users\/17"}],"replies":[{"embeddable":true,"href":"https:\/\/jean-monnet-saar.eu\/index.php?rest_route=%2Fwp%2Fv2%2Fcomments&post=124098"}],"version-history":[{"count":0,"href":"https:\/\/jean-monnet-saar.eu\/index.php?rest_route=\/wp\/v2\/posts\/124098\/revisions"}],"wp:featuredmedia":[{"embeddable":true,"href":"https:\/\/jean-monnet-saar.eu\/index.php?rest_route=\/wp\/v2\/media\/124103"}],"wp:attachment":[{"href":"https:\/\/jean-monnet-saar.eu\/index.php?rest_route=%2Fwp%2Fv2%2Fmedia&parent=124098"}],"wp:term":[{"taxonomy":"category","embeddable":true,"href":"https:\/\/jean-monnet-saar.eu\/index.php?rest_route=%2Fwp%2Fv2%2Fcategories&post=124098"},{"taxonomy":"post_tag","embeddable":true,"href":"https:\/\/jean-monnet-saar.eu\/index.php?rest_route=%2Fwp%2Fv2%2Ftags&post=124098"}],"curies":[{"name":"wp","href":"https:\/\/api.w.org\/{rel}","templated":true}]}}