{"id":126560,"date":"2021-12-06T13:07:41","date_gmt":"2021-12-06T11:07:41","guid":{"rendered":"https:\/\/jean-monnet-saar.eu\/?p=126560"},"modified":"2021-12-06T13:08:19","modified_gmt":"2021-12-06T11:08:19","slug":"europarecht-verstaendlich-teil-2-der-europaeische-rat","status":"publish","type":"post","link":"https:\/\/jean-monnet-saar.eu\/?p=126560","title":{"rendered":"Europarecht verst\u00e4ndlich &#8211; Teil 2: Der Europ\u00e4ische Rat"},"content":{"rendered":"\n<p>Anl\u00e4sslich des gestrigen 2. Advents und p\u00fcnktlich zum heutigen Nikolaustag freuen wir uns, das zweite <strong>Erkl\u00e4rvideo <\/strong>unserer neuen Reihe &#8222;<strong>Europarecht verst\u00e4ndlich<\/strong>&#8220; zu pr\u00e4sentieren. Dort erkl\u00e4rt Katharina Koch alles Wissenswerte zum <strong>Europ\u00e4ischen Rat<\/strong> &#8211; nicht zu verwechseln mit dem Rat der EU oder dem Europarat! Alles Weitere dazu<em> <strong><a href=\"https:\/\/see-eu-cluster.cloud.panopto.eu\/Panopto\/Pages\/Viewer.aspx?id=73720812-d5ef-4b0b-a5d5-adf6009a8da0\">hier<\/a><\/strong><\/em>. Produziert in Zusammenarbeit mit Anne Sauder vom <a href=\"https:\/\/ius-saar.eu\/en\/startseite-english\/\">RZE<\/a>.<\/p>\n","protected":false},"excerpt":{"rendered":"<p>Anl\u00e4sslich des gestrigen 2. Advents und p\u00fcnktlich zum heutigen Nikolaustag freuen wir uns, das zweite Erkl\u00e4rvideo unserer neuen Reihe &#8222;Europarecht verst\u00e4ndlich&#8220; zu pr\u00e4sentieren. Dort erkl\u00e4rt<\/p>\n","protected":false},"author":17,"featured_media":126562,"comment_status":"closed","ping_status":"closed","sticky":false,"template":"","format":"standard","meta":{"footnotes":""},"categories":[1],"tags":[],"class_list":["post-126560","post","type-post","status-publish","format-standard","has-post-thumbnail","hentry","category-allgemein"],"cc_featured_image_caption":{"caption_text":false,"source_text":false,"source_url":false},"_links":{"self":[{"href":"https:\/\/jean-monnet-saar.eu\/index.php?rest_route=\/wp\/v2\/posts\/126560","targetHints":{"allow":["GET"]}}],"collection":[{"href":"https:\/\/jean-monnet-saar.eu\/index.php?rest_route=\/wp\/v2\/posts"}],"about":[{"href":"https:\/\/jean-monnet-saar.eu\/index.php?rest_route=\/wp\/v2\/types\/post"}],"author":[{"embeddable":true,"href":"https:\/\/jean-monnet-saar.eu\/index.php?rest_route=\/wp\/v2\/users\/17"}],"replies":[{"embeddable":true,"href":"https:\/\/jean-monnet-saar.eu\/index.php?rest_route=%2Fwp%2Fv2%2Fcomments&post=126560"}],"version-history":[{"count":0,"href":"https:\/\/jean-monnet-saar.eu\/index.php?rest_route=\/wp\/v2\/posts\/126560\/revisions"}],"wp:featuredmedia":[{"embeddable":true,"href":"https:\/\/jean-monnet-saar.eu\/index.php?rest_route=\/wp\/v2\/media\/126562"}],"wp:attachment":[{"href":"https:\/\/jean-monnet-saar.eu\/index.php?rest_route=%2Fwp%2Fv2%2Fmedia&parent=126560"}],"wp:term":[{"taxonomy":"category","embeddable":true,"href":"https:\/\/jean-monnet-saar.eu\/index.php?rest_route=%2Fwp%2Fv2%2Fcategories&post=126560"},{"taxonomy":"post_tag","embeddable":true,"href":"https:\/\/jean-monnet-saar.eu\/index.php?rest_route=%2Fwp%2Fv2%2Ftags&post=126560"}],"curies":[{"name":"wp","href":"https:\/\/api.w.org\/{rel}","templated":true}]}}