{"id":129151,"date":"2021-12-13T12:40:48","date_gmt":"2021-12-13T10:40:48","guid":{"rendered":"https:\/\/jean-monnet-saar.eu\/?p=129151"},"modified":"2021-12-13T12:40:49","modified_gmt":"2021-12-13T10:40:49","slug":"europarecht-verstaendlich-teil-3-rat-der-eu","status":"publish","type":"post","link":"https:\/\/jean-monnet-saar.eu\/?p=129151","title":{"rendered":"Europarecht verst\u00e4ndlich &#8211; Teil 3: Rat der EU"},"content":{"rendered":"\n<p>Anl\u00e4sslich des gestrigen 3. Advents freuen wir uns, heute das dritte Video unserer neuen Reihe &#8222;Europarecht verst\u00e4ndlich&#8220; zu pr\u00e4sentieren. Dort erkl\u00e4rt Katharina Koch alles rund um den Rat der EU &#8211; wie schon erw\u00e4hnt nicht zu verwechseln mit dem Europarat oder dem Europ\u00e4ischen Rat! Das Lehrvideo gibt&#8217;s direkt <a href=\"https:\/\/see-eu-cluster.cloud.panopto.eu\/Panopto\/Pages\/Viewer.aspx?id=bb586ffe-ad4c-4508-a217-adf7009e2215\"><strong><em>hier<\/em><\/strong><\/a>.  Produziert in Zusammenarbeit mit dem <a href=\"https:\/\/ius-saar.eu\/\">RZE<\/a>.<\/p>\n","protected":false},"excerpt":{"rendered":"<p>Anl\u00e4sslich des gestrigen 3. Advents freuen wir uns, heute das dritte Video unserer neuen Reihe &#8222;Europarecht verst\u00e4ndlich&#8220; zu pr\u00e4sentieren. Dort erkl\u00e4rt Katharina Koch alles rund<\/p>\n","protected":false},"author":17,"featured_media":129153,"comment_status":"closed","ping_status":"closed","sticky":false,"template":"","format":"standard","meta":{"footnotes":""},"categories":[1],"tags":[],"class_list":["post-129151","post","type-post","status-publish","format-standard","has-post-thumbnail","hentry","category-allgemein"],"cc_featured_image_caption":{"caption_text":false,"source_text":false,"source_url":false},"_links":{"self":[{"href":"https:\/\/jean-monnet-saar.eu\/index.php?rest_route=\/wp\/v2\/posts\/129151","targetHints":{"allow":["GET"]}}],"collection":[{"href":"https:\/\/jean-monnet-saar.eu\/index.php?rest_route=\/wp\/v2\/posts"}],"about":[{"href":"https:\/\/jean-monnet-saar.eu\/index.php?rest_route=\/wp\/v2\/types\/post"}],"author":[{"embeddable":true,"href":"https:\/\/jean-monnet-saar.eu\/index.php?rest_route=\/wp\/v2\/users\/17"}],"replies":[{"embeddable":true,"href":"https:\/\/jean-monnet-saar.eu\/index.php?rest_route=%2Fwp%2Fv2%2Fcomments&post=129151"}],"version-history":[{"count":0,"href":"https:\/\/jean-monnet-saar.eu\/index.php?rest_route=\/wp\/v2\/posts\/129151\/revisions"}],"wp:featuredmedia":[{"embeddable":true,"href":"https:\/\/jean-monnet-saar.eu\/index.php?rest_route=\/wp\/v2\/media\/129153"}],"wp:attachment":[{"href":"https:\/\/jean-monnet-saar.eu\/index.php?rest_route=%2Fwp%2Fv2%2Fmedia&parent=129151"}],"wp:term":[{"taxonomy":"category","embeddable":true,"href":"https:\/\/jean-monnet-saar.eu\/index.php?rest_route=%2Fwp%2Fv2%2Fcategories&post=129151"},{"taxonomy":"post_tag","embeddable":true,"href":"https:\/\/jean-monnet-saar.eu\/index.php?rest_route=%2Fwp%2Fv2%2Ftags&post=129151"}],"curies":[{"name":"wp","href":"https:\/\/api.w.org\/{rel}","templated":true}]}}