{"id":131536,"date":"2021-12-20T12:37:23","date_gmt":"2021-12-20T10:37:23","guid":{"rendered":"https:\/\/jean-monnet-saar.eu\/?p=131536"},"modified":"2021-12-20T12:37:25","modified_gmt":"2021-12-20T10:37:25","slug":"europarecht-verstaendlich-teil-4-die-europaeische-kommission","status":"publish","type":"post","link":"https:\/\/jean-monnet-saar.eu\/?p=131536","title":{"rendered":"Europarecht verst\u00e4ndlich &#8211; Teil 4: Die Europ\u00e4ische Kommission"},"content":{"rendered":"\n<p>Nach dem gestrigen vierten Advent freuen wir uns, heute Teil 4 unserer neuen Podcast-Reihe &#8222;Europarecht verst\u00e4ndlich&#8220; pr\u00e4sentieren zu k\u00f6nnen: In <a href=\"https:\/\/see-eu-cluster.cloud.panopto.eu\/Panopto\/Pages\/Viewer.aspx?id=1516f51c-bbd4-4437-9184-adf7009e21d6\">diesem Video<\/a> erkl\u00e4rt Anne Sauder vom <a href=\"https:\/\/ius-saar.eu\/\">Rechtswissenschaftlichen Zentrum f\u00fcr Europaforschung (RZE)<\/a> alles Wissenswerte zur Europ\u00e4ischen Kommission. <\/p>\n","protected":false},"excerpt":{"rendered":"<p>Nach dem gestrigen vierten Advent freuen wir uns, heute Teil 4 unserer neuen Podcast-Reihe &#8222;Europarecht verst\u00e4ndlich&#8220; pr\u00e4sentieren zu k\u00f6nnen: In diesem Video erkl\u00e4rt Anne Sauder<\/p>\n","protected":false},"author":17,"featured_media":131539,"comment_status":"closed","ping_status":"closed","sticky":false,"template":"","format":"standard","meta":{"footnotes":""},"categories":[1],"tags":[],"class_list":["post-131536","post","type-post","status-publish","format-standard","has-post-thumbnail","hentry","category-allgemein"],"cc_featured_image_caption":{"caption_text":false,"source_text":false,"source_url":false},"_links":{"self":[{"href":"https:\/\/jean-monnet-saar.eu\/index.php?rest_route=\/wp\/v2\/posts\/131536","targetHints":{"allow":["GET"]}}],"collection":[{"href":"https:\/\/jean-monnet-saar.eu\/index.php?rest_route=\/wp\/v2\/posts"}],"about":[{"href":"https:\/\/jean-monnet-saar.eu\/index.php?rest_route=\/wp\/v2\/types\/post"}],"author":[{"embeddable":true,"href":"https:\/\/jean-monnet-saar.eu\/index.php?rest_route=\/wp\/v2\/users\/17"}],"replies":[{"embeddable":true,"href":"https:\/\/jean-monnet-saar.eu\/index.php?rest_route=%2Fwp%2Fv2%2Fcomments&post=131536"}],"version-history":[{"count":0,"href":"https:\/\/jean-monnet-saar.eu\/index.php?rest_route=\/wp\/v2\/posts\/131536\/revisions"}],"wp:featuredmedia":[{"embeddable":true,"href":"https:\/\/jean-monnet-saar.eu\/index.php?rest_route=\/wp\/v2\/media\/131539"}],"wp:attachment":[{"href":"https:\/\/jean-monnet-saar.eu\/index.php?rest_route=%2Fwp%2Fv2%2Fmedia&parent=131536"}],"wp:term":[{"taxonomy":"category","embeddable":true,"href":"https:\/\/jean-monnet-saar.eu\/index.php?rest_route=%2Fwp%2Fv2%2Fcategories&post=131536"},{"taxonomy":"post_tag","embeddable":true,"href":"https:\/\/jean-monnet-saar.eu\/index.php?rest_route=%2Fwp%2Fv2%2Ftags&post=131536"}],"curies":[{"name":"wp","href":"https:\/\/api.w.org\/{rel}","templated":true}]}}