{"id":1404,"date":"2016-05-18T10:57:04","date_gmt":"2016-05-18T08:57:04","guid":{"rendered":"https:\/\/jean-monnet-saar.eu\/?p=1404"},"modified":"2018-05-24T09:27:19","modified_gmt":"2018-05-24T07:27:19","slug":"europatag-am-jean-monnet-lehrstuhl-ueber-100-schueler-waren-zu-besuch","status":"publish","type":"post","link":"https:\/\/jean-monnet-saar.eu\/?p=1404","title":{"rendered":"Europatag am Jean-Monnet-Lehrstuhl: \u00fcber 100 Sch\u00fcler waren zu Besuch!"},"content":{"rendered":"<p>&nbsp;<\/p>\n<p style=\"text-align: justify; line-height: 18.0pt;\"><span style=\"font-family: 'Georgia','serif'; color: #333333;\">Der gro\u00dfe H\u00f6rsaal des Europa-Instituts war brechend voll, als Univ.-Prof. Thomas Giegerich, LL.M. und sein portugiesischer Kollege Prof. Dr. Paulo Mota Pinto \u00fcber die Europ\u00e4ische Integration und die Funktionsweisen der EU referierten. \u00dcber 100 Sch\u00fcler in Begleitung ihrer Lehrer waren am Europatag (9. Mai 2016) der Einladung des Europa-Instituts zu einem Workshop rund um das Thema Europ\u00e4ische Integration gefolgt. <\/span><\/p>\n<p style=\"text-align: justify; line-height: 18.0pt;\"><span style=\"font-family: 'Georgia','serif'; color: #333333;\">Nach der gelungenen Auftaktveranstaltung waren die Sch\u00fcler selbst an der Reihe: In verschiedenen Workshops \u2013 von den Mitarbeiterinnen und Mitarbeitern des Jean-Monnet-Lehrstuhls von Prof. Giegerich geleitet \u2013 erarbeiteten sie sich Themen wie:\u00a0das Asyl- und Schengen-System, das\u00a0Recht auf Privatsph\u00e4re im Internet, die EU-Grundfreiheiten, das Verh\u00e4ltnis der Union zu ihren Mitgliedstaaten sowie die Gemeinsame Au\u00dfen- und Sicherheitspolitik der EU. Die Ergebnisse, auf Postern festgehalten, wurden dann in der Abschlussveranstaltung mittels Kurzvortr\u00e4gen vor der gesamten Gruppe pr\u00e4sentiert. <\/span><\/p>\n<p style=\"text-align: justify; line-height: 18.0pt;\"><span style=\"font-family: 'Georgia','serif'; color: #333333;\">Die Mitarbeiterinnen und Mitarbeiter des Jean-Monnet-Lehrstuhls von Prof. Giegerich haben damit zum dritten Mal in Folge, in Kooperation mit dem Europ\u00e4ischen Dokumentationszentrum und dem Europa-Institut, eine interessante, gut besuchte und erfolgreiche Veranstaltung organisiert. <\/span><\/p>\n<figure id=\"attachment_1408\" aria-describedby=\"caption-attachment-1408\" style=\"width: 300px\" class=\"wp-caption alignleft\"><a href=\"https:\/\/jean-monnet-saar.eu\/wp-content\/uploads\/2016\/05\/IMG_3220-Kopie.jpg\" rel=\"attachment wp-att-1408\"><img loading=\"lazy\" decoding=\"async\" class=\"wp-image-1408 size-medium\" src=\"https:\/\/jean-monnet-saar.eu\/wp-content\/uploads\/2016\/05\/IMG_3220-Kopie-300x225.jpg\" alt=\"IMG_3220 - Kopie\" width=\"300\" height=\"225\" srcset=\"https:\/\/jean-monnet-saar.eu\/wp-content\/uploads\/2016\/05\/IMG_3220-Kopie-300x225.jpg 300w, https:\/\/jean-monnet-saar.eu\/wp-content\/uploads\/2016\/05\/IMG_3220-Kopie-768x576.jpg 768w, https:\/\/jean-monnet-saar.eu\/wp-content\/uploads\/2016\/05\/IMG_3220-Kopie-1024x768.jpg 1024w, https:\/\/jean-monnet-saar.eu\/wp-content\/uploads\/2016\/05\/IMG_3220-Kopie.jpg 1600w\" sizes=\"auto, (max-width: 300px) 100vw, 300px\" \/><\/a><figcaption id=\"caption-attachment-1408\" class=\"wp-caption-text\">Geschichte und Idee der Europ\u00e4ischen Integration &#8211; eine Einf\u00fchrung von Univ.-Prof. Dr. Thomas Giegerich, LL.M.<\/figcaption><\/figure>\n<figure id=\"attachment_1413\" aria-describedby=\"caption-attachment-1413\" style=\"width: 300px\" class=\"wp-caption aligncenter\"><a href=\"https:\/\/jean-monnet-saar.eu\/wp-content\/uploads\/2016\/05\/R0015722.jpg\" rel=\"attachment wp-att-1413\"><img loading=\"lazy\" decoding=\"async\" class=\"wp-image-1413 size-medium\" src=\"https:\/\/jean-monnet-saar.eu\/wp-content\/uploads\/2016\/05\/R0015722-300x225.jpg\" alt=\"Exif_JPEG_PICTURE\" width=\"300\" height=\"225\" srcset=\"https:\/\/jean-monnet-saar.eu\/wp-content\/uploads\/2016\/05\/R0015722-300x225.jpg 300w, https:\/\/jean-monnet-saar.eu\/wp-content\/uploads\/2016\/05\/R0015722-768x576.jpg 768w, https:\/\/jean-monnet-saar.eu\/wp-content\/uploads\/2016\/05\/R0015722-1024x768.jpg 1024w\" sizes=\"auto, (max-width: 300px) 100vw, 300px\" \/><\/a><figcaption id=\"caption-attachment-1413\" class=\"wp-caption-text\">Ein voller H\u00f6rsaal<\/figcaption><\/figure>\n<figure id=\"attachment_1409\" aria-describedby=\"caption-attachment-1409\" style=\"width: 300px\" class=\"wp-caption alignright\"><a href=\"https:\/\/jean-monnet-saar.eu\/wp-content\/uploads\/2016\/05\/R0015723-1.jpg\" rel=\"attachment wp-att-1409\"><img loading=\"lazy\" decoding=\"async\" class=\"wp-image-1409 size-medium\" src=\"https:\/\/jean-monnet-saar.eu\/wp-content\/uploads\/2016\/05\/R0015723-1-300x225.jpg\" alt=\"Exif_JPEG_PICTURE\" width=\"300\" height=\"225\" srcset=\"https:\/\/jean-monnet-saar.eu\/wp-content\/uploads\/2016\/05\/R0015723-1-300x225.jpg 300w, https:\/\/jean-monnet-saar.eu\/wp-content\/uploads\/2016\/05\/R0015723-1-768x576.jpg 768w, https:\/\/jean-monnet-saar.eu\/wp-content\/uploads\/2016\/05\/R0015723-1-1024x768.jpg 1024w\" sizes=\"auto, (max-width: 300px) 100vw, 300px\" \/><\/a><figcaption id=\"caption-attachment-1409\" class=\"wp-caption-text\">Univ.-Prof. Dr. Giegerich spricht \u00fcber Jean Monnet<\/figcaption><\/figure>\n<p>&nbsp;<\/p>\n<p>&nbsp;<\/p>\n<p>&nbsp;<\/p>\n<p>&nbsp;<\/p>\n<p>&nbsp;<\/p>\n<p>&nbsp;<\/p>\n<figure id=\"attachment_1418\" aria-describedby=\"caption-attachment-1418\" style=\"width: 300px\" class=\"wp-caption alignleft\"><a href=\"https:\/\/jean-monnet-saar.eu\/wp-content\/uploads\/2016\/05\/R0015737.jpg\" rel=\"attachment wp-att-1418\"><img loading=\"lazy\" decoding=\"async\" class=\"wp-image-1418 size-medium\" src=\"https:\/\/jean-monnet-saar.eu\/wp-content\/uploads\/2016\/05\/R0015737-300x225.jpg\" alt=\"Exif_JPEG_PICTURE\" width=\"300\" height=\"225\" srcset=\"https:\/\/jean-monnet-saar.eu\/wp-content\/uploads\/2016\/05\/R0015737-300x225.jpg 300w, https:\/\/jean-monnet-saar.eu\/wp-content\/uploads\/2016\/05\/R0015737-768x576.jpg 768w, https:\/\/jean-monnet-saar.eu\/wp-content\/uploads\/2016\/05\/R0015737-1024x768.jpg 1024w\" sizes=\"auto, (max-width: 300px) 100vw, 300px\" \/><\/a><figcaption id=\"caption-attachment-1418\" class=\"wp-caption-text\">Prof. Dr. Mota Pinto erkl\u00e4rte den Sch\u00fclern die Institutionen der EU<\/figcaption><\/figure>\n<p>&nbsp;<\/p>\n<p>&nbsp;<\/p>\n<p>&nbsp;<\/p>\n<p>&nbsp;<\/p>\n<p>&nbsp;<\/p>\n<figure id=\"attachment_1411\" aria-describedby=\"caption-attachment-1411\" style=\"width: 300px\" class=\"wp-caption alignleft\"><a href=\"https:\/\/jean-monnet-saar.eu\/wp-content\/uploads\/2016\/05\/IMG_3224.jpg\" rel=\"attachment wp-att-1411\"><img loading=\"lazy\" decoding=\"async\" class=\"wp-image-1411 size-medium\" src=\"https:\/\/jean-monnet-saar.eu\/wp-content\/uploads\/2016\/05\/IMG_3224-300x225.jpg\" alt=\"IMG_3224\" width=\"300\" height=\"225\" srcset=\"https:\/\/jean-monnet-saar.eu\/wp-content\/uploads\/2016\/05\/IMG_3224-300x225.jpg 300w, https:\/\/jean-monnet-saar.eu\/wp-content\/uploads\/2016\/05\/IMG_3224-768x576.jpg 768w, https:\/\/jean-monnet-saar.eu\/wp-content\/uploads\/2016\/05\/IMG_3224-1024x768.jpg 1024w, https:\/\/jean-monnet-saar.eu\/wp-content\/uploads\/2016\/05\/IMG_3224.jpg 1600w\" sizes=\"auto, (max-width: 300px) 100vw, 300px\" \/><\/a><figcaption id=\"caption-attachment-1411\" class=\"wp-caption-text\">Karoline und Michael bei ihrem Workshop zum Thema Datenschutz in der EU<\/figcaption><\/figure>\n<figure id=\"attachment_1412\" aria-describedby=\"caption-attachment-1412\" style=\"width: 300px\" class=\"wp-caption alignright\"><a href=\"https:\/\/jean-monnet-saar.eu\/wp-content\/uploads\/2016\/05\/IMG_3226.jpg\" rel=\"attachment wp-att-1412\"><img loading=\"lazy\" decoding=\"async\" class=\"wp-image-1412 size-medium\" src=\"https:\/\/jean-monnet-saar.eu\/wp-content\/uploads\/2016\/05\/IMG_3226-300x225.jpg\" alt=\"IMG_3226\" width=\"300\" height=\"225\" srcset=\"https:\/\/jean-monnet-saar.eu\/wp-content\/uploads\/2016\/05\/IMG_3226-300x225.jpg 300w, https:\/\/jean-monnet-saar.eu\/wp-content\/uploads\/2016\/05\/IMG_3226-768x576.jpg 768w, https:\/\/jean-monnet-saar.eu\/wp-content\/uploads\/2016\/05\/IMG_3226-1024x768.jpg 1024w, https:\/\/jean-monnet-saar.eu\/wp-content\/uploads\/2016\/05\/IMG_3226.jpg 1600w\" sizes=\"auto, (max-width: 300px) 100vw, 300px\" \/><\/a><figcaption id=\"caption-attachment-1412\" class=\"wp-caption-text\">Eleftherios h\u00e4lt einen Workshop zu den EU-Grundfreiheiten<\/figcaption><\/figure>\n","protected":false},"excerpt":{"rendered":"<p>&nbsp; Der gro\u00dfe H\u00f6rsaal des Europa-Instituts war brechend voll, als Univ.-Prof. Thomas Giegerich, LL.M. und sein portugiesischer Kollege Prof. Dr. Paulo Mota Pinto \u00fcber die<\/p>\n","protected":false},"author":16,"featured_media":1409,"comment_status":"closed","ping_status":"closed","sticky":false,"template":"","format":"standard","meta":{"footnotes":""},"categories":[1],"tags":[],"class_list":["post-1404","post","type-post","status-publish","format-standard","has-post-thumbnail","hentry","category-allgemein"],"cc_featured_image_caption":{"caption_text":false,"source_text":false,"source_url":false},"_links":{"self":[{"href":"https:\/\/jean-monnet-saar.eu\/index.php?rest_route=\/wp\/v2\/posts\/1404","targetHints":{"allow":["GET"]}}],"collection":[{"href":"https:\/\/jean-monnet-saar.eu\/index.php?rest_route=\/wp\/v2\/posts"}],"about":[{"href":"https:\/\/jean-monnet-saar.eu\/index.php?rest_route=\/wp\/v2\/types\/post"}],"author":[{"embeddable":true,"href":"https:\/\/jean-monnet-saar.eu\/index.php?rest_route=\/wp\/v2\/users\/16"}],"replies":[{"embeddable":true,"href":"https:\/\/jean-monnet-saar.eu\/index.php?rest_route=%2Fwp%2Fv2%2Fcomments&post=1404"}],"version-history":[{"count":0,"href":"https:\/\/jean-monnet-saar.eu\/index.php?rest_route=\/wp\/v2\/posts\/1404\/revisions"}],"wp:featuredmedia":[{"embeddable":true,"href":"https:\/\/jean-monnet-saar.eu\/index.php?rest_route=\/wp\/v2\/media\/1409"}],"wp:attachment":[{"href":"https:\/\/jean-monnet-saar.eu\/index.php?rest_route=%2Fwp%2Fv2%2Fmedia&parent=1404"}],"wp:term":[{"taxonomy":"category","embeddable":true,"href":"https:\/\/jean-monnet-saar.eu\/index.php?rest_route=%2Fwp%2Fv2%2Fcategories&post=1404"},{"taxonomy":"post_tag","embeddable":true,"href":"https:\/\/jean-monnet-saar.eu\/index.php?rest_route=%2Fwp%2Fv2%2Ftags&post=1404"}],"curies":[{"name":"wp","href":"https:\/\/api.w.org\/{rel}","templated":true}]}}