{"id":1443,"date":"2016-06-14T16:08:11","date_gmt":"2016-06-14T14:08:11","guid":{"rendered":"https:\/\/jean-monnet-saar.eu\/?p=1443"},"modified":"2018-05-24T09:26:52","modified_gmt":"2018-05-24T07:26:52","slug":"jean-monnet-saar-stipendien-vergeben","status":"publish","type":"post","link":"https:\/\/jean-monnet-saar.eu\/?p=1443","title":{"rendered":"Jean-Monnet-Saar-Stipendien vergeben"},"content":{"rendered":"<p style=\"text-align: justify;\">Der Jean-Monnet-Lehrstuhl von Univ.-Prof. Dr. Thomas Giegerich, LL.M., hat erstmalig zwei Stipendien an herausragende Studierende der Rechtswissenschaft vergeben.<\/p>\n<p style=\"text-align: justify;\">Rebekka Weick und Kira Braun konnten aufgrund ihrer besonderen Leistungen in der Vorlesung Europarecht und beeindruckenden Lebensl\u00e4ufen \u00fcberzeugen.<\/p>\n<p style=\"text-align: justify;\">Das Stipendium deckt die Kosten f\u00fcr die Teilnahme am diesj\u00e4hrigen vom Europa-Institut organisierten European Summer Course, der vom 16. \u2013 27. August 2017 an der Europ\u00e4ischen Akademie Otzenhausen stattfinden wird. Unter dem Motto &#8222;What&#8217;s up, Europe?&#8220; liegt der Schwerpunkt des englischsprachigen Kurses auf fundamentalen Fragen der Europ\u00e4ischen Integration sowie aktuellen Entwicklungen in der EU. Neben Vorlesungen von und Diskussionen mit hochrangigen Experten des Europarechts, der Politikwissenschaft, der Wirtschaftswissenschaft sowie Praktikern werden auch Ausfl\u00fcge nach Stra\u00dfburg (Europarat) und Br\u00fcssel (Europ\u00e4isches Parlament, Europ\u00e4ische Kommission) auf dem Programm stehen (n\u00e4here Informationen des Europa-Instituts hierzu unter:\u00a0<a href=\"http:\/\/europainstitut.de\/index.php?id=18139\">http:\/\/europainstitut.de\/index.php?id=18139<\/a>).<\/p>\n<p style=\"text-align: justify;\">Gemeinsam mit weiteren interessierten Studierenden aus aller Welt werden die Stipendiatinnen einen Einblick in das Recht und die Politik der Europ\u00e4ischen Union aus verschiedenen Perspektiven erhalten. Der Lehrstuhl freut sich, das Interesse der Studierenden am Europarecht mit einem Stipendium honorieren zu k\u00f6nnen.<\/p>\n<figure id=\"attachment_1444\" aria-describedby=\"caption-attachment-1444\" style=\"width: 400px\" class=\"wp-caption aligncenter\"><a href=\"https:\/\/jean-monnet-saar.eu\/wp-content\/uploads\/2016\/06\/IMG_1663.jpg\"><img loading=\"lazy\" decoding=\"async\" class=\"wp-image-1444\" src=\"https:\/\/jean-monnet-saar.eu\/wp-content\/uploads\/2016\/06\/IMG_1663-687x1024.jpg\" alt=\"Prof. Dr. Giegerich mit den zwei Stipendiatinnen Kira Braun (l.) und Rebekka Weick (r.)\" width=\"400\" height=\"596\" srcset=\"https:\/\/jean-monnet-saar.eu\/wp-content\/uploads\/2016\/06\/IMG_1663-687x1024.jpg 687w, https:\/\/jean-monnet-saar.eu\/wp-content\/uploads\/2016\/06\/IMG_1663-201x300.jpg 201w, https:\/\/jean-monnet-saar.eu\/wp-content\/uploads\/2016\/06\/IMG_1663-768x1145.jpg 768w\" sizes=\"auto, (max-width: 400px) 100vw, 400px\" \/><\/a><figcaption id=\"caption-attachment-1444\" class=\"wp-caption-text\">Prof. Dr. Giegerich mit den zwei Stipendiatinnen Kira Braun (l.) und Rebekka Weick (r.)<\/figcaption><\/figure>\n","protected":false},"excerpt":{"rendered":"<p>Der Jean-Monnet-Lehrstuhl von Univ.-Prof. Dr. Thomas Giegerich, LL.M., hat erstmalig zwei Stipendien an herausragende Studierende der Rechtswissenschaft vergeben. Rebekka Weick und Kira Braun konnten aufgrund<\/p>\n","protected":false},"author":16,"featured_media":1444,"comment_status":"closed","ping_status":"closed","sticky":false,"template":"","format":"standard","meta":{"footnotes":""},"categories":[1],"tags":[225,23,224],"class_list":["post-1443","post","type-post","status-publish","format-standard","has-post-thumbnail","hentry","category-allgemein","tag-european-summer-school","tag-jean-monnet-altivitaet","tag-stipendium"],"cc_featured_image_caption":{"caption_text":false,"source_text":false,"source_url":false},"_links":{"self":[{"href":"https:\/\/jean-monnet-saar.eu\/index.php?rest_route=\/wp\/v2\/posts\/1443","targetHints":{"allow":["GET"]}}],"collection":[{"href":"https:\/\/jean-monnet-saar.eu\/index.php?rest_route=\/wp\/v2\/posts"}],"about":[{"href":"https:\/\/jean-monnet-saar.eu\/index.php?rest_route=\/wp\/v2\/types\/post"}],"author":[{"embeddable":true,"href":"https:\/\/jean-monnet-saar.eu\/index.php?rest_route=\/wp\/v2\/users\/16"}],"replies":[{"embeddable":true,"href":"https:\/\/jean-monnet-saar.eu\/index.php?rest_route=%2Fwp%2Fv2%2Fcomments&post=1443"}],"version-history":[{"count":0,"href":"https:\/\/jean-monnet-saar.eu\/index.php?rest_route=\/wp\/v2\/posts\/1443\/revisions"}],"wp:featuredmedia":[{"embeddable":true,"href":"https:\/\/jean-monnet-saar.eu\/index.php?rest_route=\/wp\/v2\/media\/1444"}],"wp:attachment":[{"href":"https:\/\/jean-monnet-saar.eu\/index.php?rest_route=%2Fwp%2Fv2%2Fmedia&parent=1443"}],"wp:term":[{"taxonomy":"category","embeddable":true,"href":"https:\/\/jean-monnet-saar.eu\/index.php?rest_route=%2Fwp%2Fv2%2Fcategories&post=1443"},{"taxonomy":"post_tag","embeddable":true,"href":"https:\/\/jean-monnet-saar.eu\/index.php?rest_route=%2Fwp%2Fv2%2Ftags&post=1443"}],"curies":[{"name":"wp","href":"https:\/\/api.w.org\/{rel}","templated":true}]}}