{"id":153788,"date":"2022-02-23T19:00:33","date_gmt":"2022-02-23T17:00:33","guid":{"rendered":"https:\/\/jean-monnet-saar.eu\/?p=153788"},"modified":"2022-02-23T19:00:34","modified_gmt":"2022-02-23T17:00:34","slug":"giegerich-die-nationale-identitaet-gibt-nationalen-gerichten-keine-carte-blanche-zur-ueberwindung-vorrangigen-eu-rechts","status":"publish","type":"post","link":"https:\/\/jean-monnet-saar.eu\/?p=153788","title":{"rendered":"Giegerich: Die \u201enationale Identit\u00e4t\u201c gibt nationalen Gerichten keine Carte blanche zur \u00dcberwindung vorrangigen EU-Rechts"},"content":{"rendered":"\n<p>In unserem <a href=\"https:\/\/jean-monnet-saar.eu\/?page_id=153724\">neuesten <\/a><strong><a href=\"https:\/\/jean-monnet-saar.eu\/?page_id=153724\">Saar Brief<\/a> <\/strong>nimmt Prof.  Dr. Giegerich Stellung zum EuGH-Urteil vom gestrigen Tage &#8211; dem 22.2.2022 &#8211; in der Rs. C-430\/21. Einige nationale H\u00f6chstgerichte, darunter das Bundesverfassungsgericht, das polnische und das rum\u00e4nische Verfassungsgericht, haben gemeint, sie k\u00f6nnten die <strong>durch Art. 4 Abs. 2 EUV gesch\u00fctzte \u201enationale Identit\u00e4t\u201c<\/strong> als Rechtfertigungsgrund f\u00fcr die Verletzung unionsrechtlicher Pflichten einsetzen. Dem ist der EuGH jetzt klar entgegengetreten. Der Beitrag ist <a href=\"https:\/\/jean-monnet-saar.eu\/?page_id=153724\"><strong>hier <\/strong><\/a>abrufbar.<\/p>\n","protected":false},"excerpt":{"rendered":"<p>In unserem neuesten Saar Brief nimmt Prof. Dr. Giegerich Stellung zum EuGH-Urteil vom gestrigen Tage &#8211; dem 22.2.2022 &#8211; in der Rs. C-430\/21. Einige nationale<\/p>\n","protected":false},"author":17,"featured_media":2483,"comment_status":"closed","ping_status":"closed","sticky":false,"template":"","format":"standard","meta":{"footnotes":""},"categories":[1],"tags":[],"class_list":["post-153788","post","type-post","status-publish","format-standard","has-post-thumbnail","hentry","category-allgemein"],"cc_featured_image_caption":{"caption_text":false,"source_text":false,"source_url":false},"_links":{"self":[{"href":"https:\/\/jean-monnet-saar.eu\/index.php?rest_route=\/wp\/v2\/posts\/153788","targetHints":{"allow":["GET"]}}],"collection":[{"href":"https:\/\/jean-monnet-saar.eu\/index.php?rest_route=\/wp\/v2\/posts"}],"about":[{"href":"https:\/\/jean-monnet-saar.eu\/index.php?rest_route=\/wp\/v2\/types\/post"}],"author":[{"embeddable":true,"href":"https:\/\/jean-monnet-saar.eu\/index.php?rest_route=\/wp\/v2\/users\/17"}],"replies":[{"embeddable":true,"href":"https:\/\/jean-monnet-saar.eu\/index.php?rest_route=%2Fwp%2Fv2%2Fcomments&post=153788"}],"version-history":[{"count":0,"href":"https:\/\/jean-monnet-saar.eu\/index.php?rest_route=\/wp\/v2\/posts\/153788\/revisions"}],"wp:featuredmedia":[{"embeddable":true,"href":"https:\/\/jean-monnet-saar.eu\/index.php?rest_route=\/wp\/v2\/media\/2483"}],"wp:attachment":[{"href":"https:\/\/jean-monnet-saar.eu\/index.php?rest_route=%2Fwp%2Fv2%2Fmedia&parent=153788"}],"wp:term":[{"taxonomy":"category","embeddable":true,"href":"https:\/\/jean-monnet-saar.eu\/index.php?rest_route=%2Fwp%2Fv2%2Fcategories&post=153788"},{"taxonomy":"post_tag","embeddable":true,"href":"https:\/\/jean-monnet-saar.eu\/index.php?rest_route=%2Fwp%2Fv2%2Ftags&post=153788"}],"curies":[{"name":"wp","href":"https:\/\/api.w.org\/{rel}","templated":true}]}}