{"id":158248,"date":"2022-03-09T11:55:39","date_gmt":"2022-03-09T10:55:39","guid":{"rendered":"https:\/\/jean-monnet-saar.eu\/?p=158248"},"modified":"2022-03-09T12:10:41","modified_gmt":"2022-03-09T11:10:41","slug":"die-tuerkei-und-der-europarat-ein-sich-zuspitzender-konflikt","status":"publish","type":"post","link":"https:\/\/jean-monnet-saar.eu\/?p=158248","title":{"rendered":"Die T\u00fcrkei und der Europarat \u2013 ein sich zuspitzender Konflikt?"},"content":{"rendered":"\n<p>In unserem neusten Saar Brief beleuchtet Miriam Schmitt den andauernden Konflikt des Europarats mit der T\u00fcrkei, der zur Einleitung eines Vertragsverletzungsverfahrens gef\u00fchrt hat. Wie dieses Verfahren funktioniert und wie die Aussichten f\u00fcr das aktuelle Verfahren aussehen, kann man <a href=\"https:\/\/jean-monnet-saar.eu\/?page_id=158289\" data-type=\"page\" data-id=\"158289\">direkt hier<\/a> nachlesen.<\/p>\n","protected":false},"excerpt":{"rendered":"<p>In unserem neusten Saar Brief beleuchtet Miriam Schmitt den andauernden Konflikt des Europarats mit der T\u00fcrkei, der zur Einleitung eines Vertragsverletzungsverfahrens gef\u00fchrt hat. Wie dieses<\/p>\n","protected":false},"author":16,"featured_media":1870,"comment_status":"closed","ping_status":"closed","sticky":false,"template":"","format":"standard","meta":{"footnotes":""},"categories":[1],"tags":[638,174,59,13],"class_list":["post-158248","post","type-post","status-publish","format-standard","has-post-thumbnail","hentry","category-allgemein","tag-europarat","tag-europarecht","tag-menschenrechtsschutz","tag-tuerkei"],"cc_featured_image_caption":{"caption_text":false,"source_text":false,"source_url":false},"_links":{"self":[{"href":"https:\/\/jean-monnet-saar.eu\/index.php?rest_route=\/wp\/v2\/posts\/158248","targetHints":{"allow":["GET"]}}],"collection":[{"href":"https:\/\/jean-monnet-saar.eu\/index.php?rest_route=\/wp\/v2\/posts"}],"about":[{"href":"https:\/\/jean-monnet-saar.eu\/index.php?rest_route=\/wp\/v2\/types\/post"}],"author":[{"embeddable":true,"href":"https:\/\/jean-monnet-saar.eu\/index.php?rest_route=\/wp\/v2\/users\/16"}],"replies":[{"embeddable":true,"href":"https:\/\/jean-monnet-saar.eu\/index.php?rest_route=%2Fwp%2Fv2%2Fcomments&post=158248"}],"version-history":[{"count":0,"href":"https:\/\/jean-monnet-saar.eu\/index.php?rest_route=\/wp\/v2\/posts\/158248\/revisions"}],"wp:featuredmedia":[{"embeddable":true,"href":"https:\/\/jean-monnet-saar.eu\/index.php?rest_route=\/wp\/v2\/media\/1870"}],"wp:attachment":[{"href":"https:\/\/jean-monnet-saar.eu\/index.php?rest_route=%2Fwp%2Fv2%2Fmedia&parent=158248"}],"wp:term":[{"taxonomy":"category","embeddable":true,"href":"https:\/\/jean-monnet-saar.eu\/index.php?rest_route=%2Fwp%2Fv2%2Fcategories&post=158248"},{"taxonomy":"post_tag","embeddable":true,"href":"https:\/\/jean-monnet-saar.eu\/index.php?rest_route=%2Fwp%2Fv2%2Ftags&post=158248"}],"curies":[{"name":"wp","href":"https:\/\/api.w.org\/{rel}","templated":true}]}}