{"id":1594,"date":"2016-10-21T15:21:07","date_gmt":"2016-10-21T13:21:07","guid":{"rendered":"https:\/\/jean-monnet-saar.eu\/?p=1594"},"modified":"2021-01-26T12:06:03","modified_gmt":"2021-01-26T10:06:03","slug":"die-entscheidung-der-grossen-kammer-in-der-rechtssache-al-dulimi-eine-gefahr-fuer-die-einheit-des-voelkerrechts-oder-ein-sieg-fuer-den-schutz-der-grund-und-menschenrechte","status":"publish","type":"post","link":"https:\/\/jean-monnet-saar.eu\/?p=1594","title":{"rendered":"Die Entscheidung der Gro\u00dfen Kammer in der Rechtssache Al-Dulimi \u2013 eine Gefahr f\u00fcr die Einheit des V\u00f6lkerrechts oder ein Sieg f\u00fcr den Schutz der Grund- und Menschenrechte?"},"content":{"rendered":"<p style=\"text-align: justify;\">Der neueste Aufsatz in der <a href=\"https:\/\/jean-monnet-saar.eu\/?page_id=67\">E-Paper Serie Blueprints<\/a> zum Thema \u201eDie Entscheidung der Gro\u00dfen Kammer in der Rechtssache Al-Dulimi \u2013 eine Gefahr f\u00fcr die Einheit des V\u00f6lkerrechts oder ein Sieg f\u00fcr den Schutz der Grund- und Menschenrechte?\u201c von Layla Kristina Jaber\u00a0befasst sich mit der\u00a0Entscheidung des EGMR\u00a0vom 21. Juni 2016\u00a0in der Sache Al-Dulimi gegen die Schweiz. Die Gro\u00dfe Kammer des EGMR hatte erneut \u00fcber einen Fall zu urteilen, in dem ein nationaler Rechtsakt Gegenstand des Verfahrens war, der eine bindende Resolution des Sicherheitsrates der Vereinten Nationen in die nationale Rechtsordnung\u00a0umsetzte.<\/p>\n<p>Der Beitrag\u00a0ist <a href=\"https:\/\/jean-monnet-saar.eu\/wp-content\/uploads\/2013\/12\/Blueprint-Layla.pdf\"><strong>hier<\/strong><\/a>\u00a0direkt abrufbar.<\/p>\n<p>Copyright (picture):\u00a0Adrian Grycuk,\u00a0https:\/\/commons.wikimedia.org\/wiki\/File:Courtroom_European_Court_of_Human_Rights_05.JPG?uselang=de<\/p>\n","protected":false},"excerpt":{"rendered":"<p>Der neueste Aufsatz in der E-Paper Serie Blueprints zum Thema \u201eDie Entscheidung der Gro\u00dfen Kammer in der Rechtssache Al-Dulimi \u2013 eine Gefahr f\u00fcr die Einheit<\/p>\n","protected":false},"author":16,"featured_media":1105,"comment_status":"closed","ping_status":"closed","sticky":false,"template":"","format":"standard","meta":{"footnotes":""},"categories":[1],"tags":[259,262,119,59,263,261,260],"class_list":["post-1594","post","type-post","status-publish","format-standard","has-post-thumbnail","hentry","category-allgemein","tag-al-dulimi","tag-bindende-resolution","tag-egmr","tag-menschenrechtsschutz","tag-targeted-sanctions","tag-un-charta","tag-un-sicherheitsrat"],"cc_featured_image_caption":{"caption_text":false,"source_text":false,"source_url":false},"_links":{"self":[{"href":"https:\/\/jean-monnet-saar.eu\/index.php?rest_route=\/wp\/v2\/posts\/1594","targetHints":{"allow":["GET"]}}],"collection":[{"href":"https:\/\/jean-monnet-saar.eu\/index.php?rest_route=\/wp\/v2\/posts"}],"about":[{"href":"https:\/\/jean-monnet-saar.eu\/index.php?rest_route=\/wp\/v2\/types\/post"}],"author":[{"embeddable":true,"href":"https:\/\/jean-monnet-saar.eu\/index.php?rest_route=\/wp\/v2\/users\/16"}],"replies":[{"embeddable":true,"href":"https:\/\/jean-monnet-saar.eu\/index.php?rest_route=%2Fwp%2Fv2%2Fcomments&post=1594"}],"version-history":[{"count":0,"href":"https:\/\/jean-monnet-saar.eu\/index.php?rest_route=\/wp\/v2\/posts\/1594\/revisions"}],"wp:featuredmedia":[{"embeddable":true,"href":"https:\/\/jean-monnet-saar.eu\/index.php?rest_route=\/wp\/v2\/media\/1105"}],"wp:attachment":[{"href":"https:\/\/jean-monnet-saar.eu\/index.php?rest_route=%2Fwp%2Fv2%2Fmedia&parent=1594"}],"wp:term":[{"taxonomy":"category","embeddable":true,"href":"https:\/\/jean-monnet-saar.eu\/index.php?rest_route=%2Fwp%2Fv2%2Fcategories&post=1594"},{"taxonomy":"post_tag","embeddable":true,"href":"https:\/\/jean-monnet-saar.eu\/index.php?rest_route=%2Fwp%2Fv2%2Ftags&post=1594"}],"curies":[{"name":"wp","href":"https:\/\/api.w.org\/{rel}","templated":true}]}}