{"id":1599,"date":"2016-10-25T16:51:57","date_gmt":"2016-10-25T14:51:57","guid":{"rendered":"https:\/\/jean-monnet-saar.eu\/?p=1599"},"modified":"2018-05-24T09:25:01","modified_gmt":"2018-05-24T07:25:01","slug":"oeffentliche-ringvorlesung-fluchtraum-europa","status":"publish","type":"post","link":"https:\/\/jean-monnet-saar.eu\/?p=1599","title":{"rendered":"\u00d6ffentliche Ringvorlesung &#8222;Fluchtraum Europa&#8220;"},"content":{"rendered":"<p style=\"text-align: justify;\">Im Wintersemester 2016\/17 veranstaltet das Europa-Kolleg CEUS der Universit\u00e4t des Saarlandes in\u00a0Kooperation mit der Landeshauptstadt Saarbr\u00fccken und\u00a0dem Institut fran\u00e7ais seine dritte Europa-Vorlesungsreihe.<br \/>\nDie aktuelle Montags-Ringvorlesung widmet sich\u00a0europaspezifischen Aspekten von Flucht und Migration\u00a0aus historischer, kulturwissenschaftlicher, literatur- und\u00a0sprachwissenschaftlicher sowie juristischer Sicht. Sie will\u00a0durch diese fach\u00fcbergreifenden Perspektivierungen\u00a0Denkanst\u00f6\u00dfe geben und Reflexionsr\u00e4ume in Bezug auf\u00a0aktuelle gesellschaftliche Prozesse \u00f6ffnen. Beteiligt sind\u00a0Wissenschaftlerinnen und Wissenschaftler der Universit\u00e4t\u00a0des Saarlandes, die sich zu einer Arbeitsgruppe am\u00a0Europa-Kolleg zusammengeschlossen haben, um das\u00a0Thema interdisziplin\u00e4r zu erforschen.<\/p>\n<p style=\"text-align: justify;\">Univ.-Prof. Dr. Thomas Giegerich, LL.M. wird im Rahmen der Vorlesungsreihe\u00a0am 13. Februar 2017 einen Vortrag zum\u00a0Thema &#8222;V\u00f6lker- und europarechtliche Perspektiven auf Flucht&#8220; halten. Eine \u00dcbersicht aller Vortr\u00e4ge finden Sie <a href=\"https:\/\/jean-monnet-saar.eu\/wp-content\/uploads\/2016\/10\/CEUS_RV_WS2016_Flyer.pdf\">hier<\/a>.<\/p>\n<p style=\"text-align: justify;\">Die Veranstaltungen beginnen jeweils montags um 19 Uhr.\u00a0Sie finden im Rathausfestsaal der Landeshauptstadt\u00a0Saarbr\u00fccken und am 28. November im Kino 8 1\/2 statt.\u00a0Der Eintritt ist frei. Prof. Dr. Thomas Giegerich und der gesamte Jean-Monnet-Lehrstuhl freut sich auf Ihre Teilnahme!<\/p>\n","protected":false},"excerpt":{"rendered":"<p>Im Wintersemester 2016\/17 veranstaltet das Europa-Kolleg CEUS der Universit\u00e4t des Saarlandes in\u00a0Kooperation mit der Landeshauptstadt Saarbr\u00fccken und\u00a0dem Institut fran\u00e7ais seine dritte Europa-Vorlesungsreihe. Die aktuelle Montags-Ringvorlesung<\/p>\n","protected":false},"author":16,"featured_media":1603,"comment_status":"closed","ping_status":"closed","sticky":false,"template":"","format":"standard","meta":{"footnotes":""},"categories":[1],"tags":[265,264,266,267],"class_list":["post-1599","post","type-post","status-publish","format-standard","has-post-thumbnail","hentry","category-allgemein","tag-flucht","tag-ringvorlesung","tag-unionsrecht","tag-voelkerrecht"],"cc_featured_image_caption":{"caption_text":false,"source_text":false,"source_url":false},"_links":{"self":[{"href":"https:\/\/jean-monnet-saar.eu\/index.php?rest_route=\/wp\/v2\/posts\/1599","targetHints":{"allow":["GET"]}}],"collection":[{"href":"https:\/\/jean-monnet-saar.eu\/index.php?rest_route=\/wp\/v2\/posts"}],"about":[{"href":"https:\/\/jean-monnet-saar.eu\/index.php?rest_route=\/wp\/v2\/types\/post"}],"author":[{"embeddable":true,"href":"https:\/\/jean-monnet-saar.eu\/index.php?rest_route=\/wp\/v2\/users\/16"}],"replies":[{"embeddable":true,"href":"https:\/\/jean-monnet-saar.eu\/index.php?rest_route=%2Fwp%2Fv2%2Fcomments&post=1599"}],"version-history":[{"count":0,"href":"https:\/\/jean-monnet-saar.eu\/index.php?rest_route=\/wp\/v2\/posts\/1599\/revisions"}],"wp:featuredmedia":[{"embeddable":true,"href":"https:\/\/jean-monnet-saar.eu\/index.php?rest_route=\/wp\/v2\/media\/1603"}],"wp:attachment":[{"href":"https:\/\/jean-monnet-saar.eu\/index.php?rest_route=%2Fwp%2Fv2%2Fmedia&parent=1599"}],"wp:term":[{"taxonomy":"category","embeddable":true,"href":"https:\/\/jean-monnet-saar.eu\/index.php?rest_route=%2Fwp%2Fv2%2Fcategories&post=1599"},{"taxonomy":"post_tag","embeddable":true,"href":"https:\/\/jean-monnet-saar.eu\/index.php?rest_route=%2Fwp%2Fv2%2Ftags&post=1599"}],"curies":[{"name":"wp","href":"https:\/\/api.w.org\/{rel}","templated":true}]}}