{"id":1707,"date":"2017-03-01T12:13:39","date_gmt":"2017-03-01T10:13:39","guid":{"rendered":"https:\/\/jean-monnet-saar.eu\/?p=1707"},"modified":"2018-05-24T09:22:47","modified_gmt":"2018-05-24T07:22:47","slug":"interview-von-prof-dr-giegerich-zur-untersuchungshaft-des-deutsch-tuerkischen-journalisten-deniz-yuecel","status":"publish","type":"post","link":"https:\/\/jean-monnet-saar.eu\/?p=1707","title":{"rendered":"Interview von Prof. Dr. Giegerich zur Untersuchungshaft des deutsch-t\u00fcrkischen Journalisten Deniz Y\u00fccel"},"content":{"rendered":"<p>Am 28.2.2017 gab Univ.-Prof. Dr. Thomas Giegerich der Deutschen Welle ein Telefoninterview zur Untersuchungshaft des deutsch-t\u00fcrkischen Journalisten Deniz Y\u00fccel. N\u00e4heres finden Sie <a href=\"http:\/\/www.dw.com\/de\/fall-y%C3%BCcel-stille-diplomatie\/a-37745541\">hier<\/a>.<\/p>\n<p>&nbsp;<\/p>\n<p>&nbsp;<\/p>\n","protected":false},"excerpt":{"rendered":"<p>Am 28.2.2017 gab Univ.-Prof. Dr. Thomas Giegerich der Deutschen Welle ein Telefoninterview zur Untersuchungshaft des deutsch-t\u00fcrkischen Journalisten Deniz Y\u00fccel. N\u00e4heres finden Sie hier. &nbsp; &nbsp;<\/p>\n","protected":false},"author":16,"featured_media":1262,"comment_status":"closed","ping_status":"closed","sticky":false,"template":"","format":"standard","meta":{"footnotes":""},"categories":[1],"tags":[304,305,13],"class_list":["post-1707","post","type-post","status-publish","format-standard","has-post-thumbnail","hentry","category-allgemein","tag-denis-yuecel","tag-pressefreiheit","tag-tuerkei"],"cc_featured_image_caption":{"caption_text":false,"source_text":false,"source_url":false},"_links":{"self":[{"href":"https:\/\/jean-monnet-saar.eu\/index.php?rest_route=\/wp\/v2\/posts\/1707","targetHints":{"allow":["GET"]}}],"collection":[{"href":"https:\/\/jean-monnet-saar.eu\/index.php?rest_route=\/wp\/v2\/posts"}],"about":[{"href":"https:\/\/jean-monnet-saar.eu\/index.php?rest_route=\/wp\/v2\/types\/post"}],"author":[{"embeddable":true,"href":"https:\/\/jean-monnet-saar.eu\/index.php?rest_route=\/wp\/v2\/users\/16"}],"replies":[{"embeddable":true,"href":"https:\/\/jean-monnet-saar.eu\/index.php?rest_route=%2Fwp%2Fv2%2Fcomments&post=1707"}],"version-history":[{"count":0,"href":"https:\/\/jean-monnet-saar.eu\/index.php?rest_route=\/wp\/v2\/posts\/1707\/revisions"}],"wp:featuredmedia":[{"embeddable":true,"href":"https:\/\/jean-monnet-saar.eu\/index.php?rest_route=\/wp\/v2\/media\/1262"}],"wp:attachment":[{"href":"https:\/\/jean-monnet-saar.eu\/index.php?rest_route=%2Fwp%2Fv2%2Fmedia&parent=1707"}],"wp:term":[{"taxonomy":"category","embeddable":true,"href":"https:\/\/jean-monnet-saar.eu\/index.php?rest_route=%2Fwp%2Fv2%2Fcategories&post=1707"},{"taxonomy":"post_tag","embeddable":true,"href":"https:\/\/jean-monnet-saar.eu\/index.php?rest_route=%2Fwp%2Fv2%2Ftags&post=1707"}],"curies":[{"name":"wp","href":"https:\/\/api.w.org\/{rel}","templated":true}]}}