{"id":1753,"date":"2017-05-05T16:32:06","date_gmt":"2017-05-05T14:32:06","guid":{"rendered":"https:\/\/jean-monnet-saar.eu\/?p=1753"},"modified":"2022-07-06T15:31:47","modified_gmt":"2022-07-06T14:31:47","slug":"no-legal-pathway-for-asylum-seekers-to-the-eu-through-humanitarian-visas-the-case-of-x-and-x-v-belgium-before-the-cjeu","status":"publish","type":"post","link":"https:\/\/jean-monnet-saar.eu\/?p=1753","title":{"rendered":"No Legal Pathway for Asylum Seekers to the EU through Humanitarian Visas: The case of X and X v Belgium before the CJEU"},"content":{"rendered":"<p><strong>\u00a0[German version below]<\/strong><br \/>\n<strong>The latest paper in the E-Paper series Saar Briefs analyses the Judgment &#8222;X and X v Belgium&#8220;, in which the CJEU, contrary to the Opinion of Advocate General Mengozzi, rejected a Member State\u2019s obligation flowing from the EU Charter of Fundamental Rights in conjunction with the EU Visa Code to grant humanitarian entry visas to Syrian refugees to facilitate their asylum application in the EU. A detailed discussion of the Opinion and the Judgment including an evaluation of the latter\u2019s implications for the current and future EU Migration and Refugee policy will be published in German in the second issue of the ZEuS 2017 (Zeitschrift f\u00fcr Europarechtliche Studien) under the title: \u201eKein legaler Zugangsweg in die EU durch humanit\u00e4re Visa \u2013 Einordnung des Verfahrens \u201eX und X gegen Belgien\u201c in die Europ\u00e4ische Migrations- und Fl\u00fcchtlingspolitik\u201c (&#8222;No legal access to the EU through humanitarian visas \u2013 placement of the procedure \u201cX and X v Belgium\u201d in the European Migration and Refugee Policy&#8220;). (Prospectively June 2017)<\/strong><\/p>\n<p><strong>Der englischsprachige Beitrag in der E-Paper Serie Saar Briefs analysiert das Urteil \u201eX und X gegen Belgien\u201d vom 7.3.2017, in dem der EuGH \u2013 entgegen den Schlussantr\u00e4gen von Generalanwalt Mengozzi \u2013 eine aus der EU-Grundrechte-Charta i.V.m. dem EU-Visakodex folgende Pflicht der Mitgliedstaaten zur Erteilung humanit\u00e4rer Einreisevisa an syrische Fl\u00fcchtlinge zur Asylantragstellung in der EU ablehnte. Eine ausf\u00fchrliche Auseinandersetzung mit den Schlussantr\u00e4gen und dem Urteil einschlie\u00dflich einer Einordnung in die derzeitige und k\u00fcnftige EU-Fl\u00fcchtlings- und Migrationspolitik wird auf Deutsch unter dem Titel \u201eKein legaler Zugangsweg in die EU durch humanit\u00e4re Visa \u2013 Einordnung des Verfahrens \u201eX und X gegen Belgien\u201c in die Europ\u00e4ische Migrations- und Fl\u00fcchtlingspolitik\u201c in der zweiten ZEuS-Ausgabe 2017 (Zeitschrift f\u00fcr Europarechtliche Studien) erscheinen. (vsl. Juni 2017).<br \/>\n<\/strong><\/p>\n<p>An article by Kristina M\u00fcller*, PhD candidate and Research Associate at the Chair for EU Law, Public International Law and Public Law of Prof. Dr. Thomas Giegerich.<\/p>\n<hr \/>\n<h3>A. Introduction<\/h3>\n<p>In its judgment <em>X and X v Belgium<a href=\"#_ftn1\" name=\"_ftnref1\"><strong>[1]<\/strong><\/a><\/em> the European Court of Justice (CJEU) refrained from introducing a new approach to the European Asylum Policy as supported by Advocate General <em>Mengozzi<\/em><a href=\"#_ftn2\" name=\"_ftnref2\">[2]<\/a>. In his Opinion the Advocate General (AG) had argued that the Visa Code<a href=\"#_ftn3\" name=\"_ftnref3\">[3]<\/a> in conjunction with Art. 4 of the Charter of Fundamental Rights (CFR)<a href=\"#_ftn4\" name=\"_ftnref4\">[4]<\/a> obligated Member States to issue humanitarian visas to potential asylum seekers if a refusal would expose them to a real risk of treatment violating Art. 4 CFR and deprive them of a legal route to exercise their right to seek international protection<a href=\"#_ftn5\" name=\"_ftnref5\">[5]<\/a> in the EU.<a href=\"#_ftn6\" name=\"_ftnref6\">[6]<\/a><\/p>\n<p>While AG <em>Mengozzi<\/em> stressed the dramatic situation in Syria and reminded the Union and its Member States of their humanitarian values and human rights foundations,<a href=\"#_ftn7\" name=\"_ftnref7\">[7]<\/a> the judgment is confined to an unemotional and, above all, short interpretation of the provisions of the Visa Code. No mention is made of the humanitarian disaster in Syria and its neighbouring countries or the ensuing challenges for the EU.<a href=\"#_ftn8\" name=\"_ftnref8\">[8]<\/a> The Grand Chamber already rejects the applicability of the Visa Code and of EU Law \u2013 including the CFR \u2013 altogether. According to the Court, visa applications lodged to seek asylum inside the territory of a Member State are governed exclusively by national law.<\/p>\n<p>Following an overview of the factual and legal background of the case (A), the Court\u2019s reasoning will be presented (B) and analysed (C) with a view to determining whether the CJEU\u2019s restrictive interpretation was legally required or rather directed by the desired outcome.<a href=\"#_ftn9\" name=\"_ftnref9\">[9]<\/a><\/p>\n<h3>B. Factual and legal background<\/h3>\n<p>The preliminary ruling originated in main proceedings concerning a Syrian family (a couple with three minor children) from Aleppo.<\/p>\n<p>In October 2016 they applied for visas on the basis of the Visa Code at the Belgian Embassy in Beirut (Lebanon). They declared that they wanted to leave the besieged city of Aleppo to apply for asylum in Belgium stressing, inter alia, the precarious security situation in Syria and that it was impossible for them to register as refugees in neighbouring countries.<a href=\"#_ftn10\" name=\"_ftnref10\">[10]<\/a><\/p>\n<p>The issuing of the desired visas is regulated by Art.\u00a025 (1) (a) Visa Code. The provision stipulates that a visa with limited territorial validity shall be issued exceptionally, \u201cwhen the Member State concerned considers it necessary on humanitarian grounds, for reasons of national interest or because of international obligations.\u201d Art.\u00a032 (1) (b) Visa Code foresees, inter alia, that without prejudice to Art. 25 (1), a visa shall be refused if there are reasonable doubts regarding the applicant\u2019s intention to leave the territory of the Member State before the expiry of the visa applied for.<\/p>\n<p>The Belgian Immigration Office rejected the applications pursuant to Art.\u00a032 (1) (b) Visa Code arguing, among others, that the applicants in the main proceedings intended to overstay the maximum visa duration of 90 days in any 180-day period (Art.\u00a01 (1)<a href=\"#_ftn11\" name=\"_ftnref11\">[11]<\/a> Art.\u00a02 no.\u00a02 (a)<a href=\"#_ftn12\" name=\"_ftnref12\">[12]<\/a> Visa Code).<a href=\"#_ftn13\" name=\"_ftnref13\">[13]<\/a> The applicants challenged these decisions and the referring court (Conseil du Contentieux des \u00c9trangers), in essence, asked the CJEU whether the risk of an infringement of Art. 4 CFR imposed an obligation on Member States to issue visas under the Visa Code.<a href=\"#_ftn14\" name=\"_ftnref14\">[14]<\/a><\/p>\n<h3>C. The Reasoning of the CJEU<\/h3>\n<p>By rejecting the applicability of the Code, the Court did not have to delve into the scope of positive extraterritorial obligations flowing from the CFR. It underpinned its interpretation of the pertinent Visa Code provisions (I) with systemic arguments relating to the structure of (EU) refugee law (II, III).<\/p>\n<h4>I. Applicability of the Visa Code<\/h4>\n<p>The CJEU took the stance that, even if formally submitted on the basis of Article 25 (1) (a) Visa Code, the applications fell outside the scope of the Code since the applicants\u2019 real purpose was to stay longer than 90 days in Belgium by seeking asylum and receiving a long-term residence permit. According to the Court the EU visa regime, however, only regulated Member States\u2019 authorisations to stay up to 90 days in any 180-day period.<a href=\"#_ftn15\" name=\"_ftnref15\">[15]<\/a> This followed from the Code\u2019s legal basis in primary law<a href=\"#_ftn16\" name=\"_ftnref16\">[16]<\/a> and Art. 1 (1), Art. 2 no. 2 (a), (b) Visa Code<a href=\"#_ftn17\" name=\"_ftnref17\">[17]<\/a>.<a href=\"#_ftn18\" name=\"_ftnref18\">[18]<\/a> In the absence of other pertinent EU legal acts governing the granting of long-term visas and residence permits on humanitarian grounds (as foreseen in Art. 79 (2) (a) TFEU), the Court held that the provisions of the CFR (in particular Art. 4 and 18) were not applicable.<a href=\"#_ftn19\" name=\"_ftnref19\">[19]<\/a> This is because, according to Art.\u00a051 (1) CFR, Member States are only bound by the Charter when implementing EU law.<\/p>\n<p>In the Court\u2019s view, this result was not called into question by Article 32 (1) (b) Visa Code which qualified doubts as to the applicant\u2019s intention not to overstay as a ground for visa refusal rather than inapplicability of the Code, since the constellation at issue was not characterized by such doubts, but by the applicants actually not seeking <em>short-term<\/em> visas.<a href=\"#_ftn20\" name=\"_ftnref20\">[20]<\/a><\/p>\n<h4>II. Dublin Argument<\/h4>\n<p>The Court further argues that allowing third-country nationals to lodge applications for visas with a view to seek international protection in that Member State would lead to a situation where \u2013 contravening the general structure of the Dublin III regulation<a href=\"#_ftn21\" name=\"_ftnref21\">[21]<\/a> \u2013 protection seekers were free to choose the country responsible for processing their claim.<a href=\"#_ftn22\" name=\"_ftnref22\">[22]<\/a><\/p>\n<h4>III. De Facto Right to Seek Asylum at Representations of the Member States<\/h4>\n<p>Lastly, the Court points out that concluding otherwise would <em>de facto <\/em>obligate Member States to receive asylum applications at their representations in third countries. In that regard it is emphasised that EU legal acts governing the procedures for granting international protection, namely the Dublin III Regulation<a href=\"#_ftn23\" name=\"_ftnref23\">[23]<\/a> and the Asylum Procedures Directive<a href=\"#_ftn24\" name=\"_ftnref24\">[24]<\/a>, exclude from their scope such extraterritorial applications.<a href=\"#_ftn25\" name=\"_ftnref25\">[25]<\/a><\/p>\n<p>The CJEU concludes that the Belgian authorities were wrong to classify the applications in question as applications for short-term visas.<a href=\"#_ftn26\" name=\"_ftnref26\">[26]<\/a><\/p>\n<h3>D. Analysis<\/h3>\n<p>In the following the main arguments put forward by the CJEU will be evaluated.<\/p>\n<h4>I. Applicability of the Visa Code<\/h4>\n<p>Although the Court is right in pointing to the applicants\u2019 desire to stay in Belgium for longer than the maximum visa duration, the conclusion drawn is not convincing. It is not the applicants\u2019 purpose to obtain long-term visas, but rather to stay legally in Belgian territory as asylum seekers (cf. Art. 9 (1) Asylum Procedures Directive) and later as persons with international protection status.<a href=\"#_ftn27\" name=\"_ftnref27\">[27]<\/a> This aim however, is only attainable after having received short-term entry visas. Accordingly the applicants\u2019 real (intermediate) purpose necessarily is the granting of such visas. The CJEU\u2019s argument concerning Art. 32 (1) (b) Visa Code<a href=\"#_ftn28\" name=\"_ftnref28\">[28]<\/a> is therefore equally unconvincing. Further, it should be emphasised that humanitarian visas may be issued irrespective of the grounds for refusal laid down in Art. 32 Visa Code.<a href=\"#_ftn29\" name=\"_ftnref29\">[29]<\/a> Lastly, attention was drawn to the absurd result that if the applicants would not have revealed their intention to seek asylum, their situation would have raised doubts within the meaning of Art.\u00a032 (1) (b) resulting in the applicability of the Code and consequently of the CFR.<a href=\"#_ftn30\" name=\"_ftnref30\">[30]<\/a> In the Court\u2019s construction the wish to seek international protection is stigmatised as an abuse of rights excluding a person from the benefits enshrined in the Visa Code. All in all, the better arguments are in support of regarding \u201culterior motives\u201d only as relevant when assessing the substance of an application, not when determining the Visa Code\u2019s applicability.<a href=\"#_ftn31\" name=\"_ftnref31\">[31]<\/a> If that is done however, the CFR will apply alongside the Visa Code.<\/p>\n<h4>II. Dublin Argument<\/h4>\n<p>Regarding the Dublin argument, the CJEU evidently had Art. 12 (2) Dublin III Regulation in mind. That provision places the responsibility for examining an asylum application of a person in possession of a valid visa on the issuing Member State. While it is true that under the Dublin System asylum seekers are not entitled to choose the country responsible for processing their claims, allowing humanitarian visas to facilitate the lodging of international protection claims would not contravene the system. Art. 12 (2) with its legal consequences pertains to the objective criteria to distribute responsibility among Dublin States. Accordingly, the situation of an individual choosing the representation of a certain Member State<a href=\"#_ftn32\" name=\"_ftnref32\">[32]<\/a> is as compatible with the Dublin System as migrants influencing Member States\u2019 responsibility by choosing a certain flight route (cf. Art. 13 (1) Dublin III Regulation). The fact that Member States might come under a human rights obligation to issue humanitarian visas (thereby incurring responsibility for processing asylum applications) is not contrary to the system either, but a consequence of higher-ranking human rights provisions potentially modifying the application of secondary law criteria.<a href=\"#_ftn33\" name=\"_ftnref33\">[33]<\/a><\/p>\n<h4>III. De Facto Right to Seek Asylum at Representations of the Member States<\/h4>\n<p>The CJEU\u2019s approach to argue against an EU right to seek asylum at Member States\u2019 representations by referring to Art. 1 (3) Dublin III Regulation<a href=\"#_ftn34\" name=\"_ftnref34\">[34]<\/a> and Art. Art. 3 (1), (2) Asylum Procedures Directive<a href=\"#_ftn35\" name=\"_ftnref35\">[35]<\/a> is equally not compelling. These legal acts regulate the Member States\u2018 procedure when processing claims for international protection. Their limited territorial scope does not preclude Member States\u2018 representations examining visa applications from assessing the protection need of a visa applicant as laid down in the Qualification Directive<a href=\"#_ftn36\" name=\"_ftnref36\">[36]<\/a> whose territorial scope is not limited. <a href=\"#_ftn37\" name=\"_ftnref37\">[37]<\/a><\/p>\n<p>It is questionable whether an obligation to take into consideration protection needs of visa applicants would actually amount to the <em>de facto <\/em>introduction of an internationally<a href=\"#_ftn38\" name=\"_ftnref38\">[38]<\/a> and nationally not recognised right to seek asylum at embassies.<a href=\"#_ftn39\" name=\"_ftnref39\">[39]<\/a> It could be argued in support that the issuing of visas constitutes the preliminary stage for an asylum application. What militates against this assumption is that the asylum authorities within the Member States would retain the exclusive competence to decide on the entitlement to international protection. No binding force would ensue from the extraterritorial representations\u2019 decisions to issue visas in light of applicants\u2019 international protection needs.<\/p>\n<h3>E. Concluding remarks<\/h3>\n<p>Considering the foregoing, the CJEU could have easily affirmed the applicability of the Visa Code. In that case however, the Court would have been obliged to confront the question whether positive obligations to issue visas for third-country nationals in clear need of protection derive from the extraterritorially<a href=\"#_ftn40\" name=\"_ftnref40\">[40]<\/a> applicable Art. 4 CFR<a href=\"#_ftn41\" name=\"_ftnref41\">[41]<\/a> \u2013 a step with politically explosive force particularly in times of growing EU-scepticism.<\/p>\n<p>It is hard to avoid the impression that the CJEU evaded the difficult task of reconciling inalienable human rights with the doubtlessly limited reception capacities of the Member States by resorting to an allegedly compelling interpretation of secondary law.<a href=\"#_ftn42\" name=\"_ftnref42\">[42]<\/a> This is understandable and lamentable at the same time. The affirmation of an additional legal pathway to the EU could have diversified approaches to cope with the migratory pressure<a href=\"#_ftn43\" name=\"_ftnref43\">[43]<\/a> and counterbalanced the ever more restrictive policies to manage migration to the EU. It would not only have protected individuals in clear need of such protection but also reinforced the Union\u2019s aim to promote respect for human dignity and human rights in its relations with the wider world.<a href=\"#_ftn44\" name=\"_ftnref44\">[44]<\/a><\/p>\n<p>* Ass. iur. Kristina M\u00fcller is a PhD candidate and was a Research Associate at the Chair for EU Law, Public International Law and Public Law of Prof. Dr. Thomas Giegerich.<\/p>\n<hr \/>\n<p><a href=\"#_ftnref1\" name=\"_ftn1\">[1]<\/a> \u00a0\u00a0\u00a0\u00a0\u00a0\u00a0\u00a0\u00a0\u00a0 CJEU, Judgment of 7.3.2017, Case C-638\/16 PPU, <em>X and X<\/em>, ECLI:EU:C:2017:173.<\/p>\n<p><a href=\"#_ftnref2\" name=\"_ftn2\">[2]<\/a> \u00a0\u00a0\u00a0\u00a0\u00a0\u00a0\u00a0\u00a0\u00a0 Opinion AG <em>Mengozzi<\/em> of 7.2.2017 to CJEU, Judgment of 7.3.2017, Case C-638\/16\u00a0PPU, <em>X and X<\/em>, ECLI:EU:C:2017:93.<\/p>\n<p><a href=\"#_ftnref3\" name=\"_ftn3\">[3]<\/a> \u00a0\u00a0\u00a0\u00a0\u00a0\u00a0\u00a0\u00a0\u00a0 Regulation (EC) No 810\/2009 of the European Parliament and of the Council of 13 July 2009 establishing a Community Code on Visas (Visa Code), OJ L 243, 15.9.2009, p.1 as amended by Regulation (EU) No 610\/2013 of the European Parliament and of the Council of 26 June 2013, OJ L 182 of 29.6.2013, p. 1<\/p>\n<p><a href=\"#_ftnref4\" name=\"_ftn4\">[4]<\/a> \u00a0\u00a0\u00a0\u00a0\u00a0\u00a0\u00a0\u00a0\u00a0 Charter of Fundamental Rights of the European Union, 12.12.2007, OJ \u00a0C 303 of 14.12.2007, p.\u00a01.<\/p>\n<p><a href=\"#_ftnref5\" name=\"_ftn5\">[5]<\/a> \u00a0\u00a0\u00a0\u00a0\u00a0\u00a0\u00a0\u00a0\u00a0 According to Art. 2 (a) Directive 2011\/95\/EU of the European Parliament and of the Council of 13 December 2011 on standards for the qualification of third-country nationals or stateless persons as beneficiaries of international protection, for a uniform status for refugees or for persons eligible for subsidiary protection, and for the content of the protection granted (recast) (Qualification Directive) international protection means refugee status and subsidiary protection status.<\/p>\n<p><a href=\"#_ftnref6\" name=\"_ftn6\">[6]<\/a> \u00a0\u00a0\u00a0\u00a0\u00a0\u00a0\u00a0\u00a0\u00a0 Opinion AG <em>Mengozzi<\/em> of 7.2.2017 to CJEU, Judgment of 7.3.2017, Case C-638\/16\u00a0PPU, <em>X and X<\/em>, ECLI:EU:C:2017:93, para\u00a0176.<\/p>\n<p><a href=\"#_ftnref7\" name=\"_ftn7\">[7]<\/a> \u00a0\u00a0\u00a0\u00a0\u00a0\u00a0\u00a0\u00a0\u00a0 Opinion AG <em>Mengozzi<\/em> of 7.2.2017 to CJEU, Judgment of 7.3.2017, Case. C-638\/16\u00a0PPU, <em>X and X<\/em>, ECLI:EU:C:2017:93, paras.\u00a06 et seq. and 165.<\/p>\n<p><a href=\"#_ftnref8\" name=\"_ftn8\">[8]<\/a> \u00a0\u00a0\u00a0\u00a0\u00a0\u00a0\u00a0\u00a0\u00a0 <em>Zoeteweij-Turhan\/Progin-Theuerkauf<\/em>, CJEU Case C-638\/16 PPU, X and X \u2013 Dashed hopes for a legal pathway to Europe, European Law Blog of 10.3.2017, available at <a href=\"http:\/\/europeanlawblog.eu\/2017\/03\/10\/cjeu-case-c-63816-ppu-x-and-x-dashed-hopes-for-a-legal-pathway-to-europe\/(last\">http:\/\/europeanlawblog.eu\/2017\/03\/10\/cjeu-case-c-63816-ppu-x-and-x-dashed-hopes-for-a-legal-pathway-to-europe\/(last<\/a> accessed 24.04.2017), mindful of the importance of the judgment, would have wished for a deeper insight into the Court\u2019s arguments and reasoning.<\/p>\n<p><a href=\"#_ftnref9\" name=\"_ftn9\">[9]<\/a> \u00a0\u00a0\u00a0\u00a0\u00a0\u00a0\u00a0\u00a0\u00a0 <em>Zoeteweij-Turhan\/Progin-Theuerkauf<\/em>, (Fn.\u00a08), assume that the CJEU primarily wanted to maintain the anyway dysfunctional Dublin system.<\/p>\n<p><a href=\"#_ftnref10\" name=\"_ftn10\">[10]<\/a> \u00a0\u00a0\u00a0\u00a0\u00a0\u00a0\u00a0\u00a0 CJEU, Judgment of 7.3.2017, Case C-638\/16 PPU, <em>X and X<\/em>, ECLI:EU:C:2017:173, paras. 19 et seq.<\/p>\n<p><a href=\"#_ftnref11\" name=\"_ftn11\">[11]<\/a> \u00a0\u00a0\u00a0\u00a0\u00a0\u00a0\u00a0\u00a0 According to that provision the Visa Code establishes the procedures and conditions for issuing visas (\u2026) for intended stays on the territory of the Member States not exceeding 90 days in any 180-day period.<\/p>\n<p><a href=\"#_ftnref12\" name=\"_ftn12\">[12]<\/a> \u00a0\u00a0\u00a0\u00a0\u00a0\u00a0\u00a0\u00a0 Defines visa as an authorisation issued by a Member State with a view to (\u2026) an intended stay on the territory of the Member States of a duration of no more than 90 days in any 180-day period.<\/p>\n<p><a href=\"#_ftnref13\" name=\"_ftn13\">[13]<\/a> \u00a0\u00a0\u00a0\u00a0\u00a0\u00a0\u00a0\u00a0 Opinion AG <em>Mengozzi<\/em> to CJEU, Judgment of 7.3.2017, Case C-638\/16 PPU, <em>X and X<\/em>, ECLI:EU:C:2017:93, para.\u00a033.<\/p>\n<p><a href=\"#_ftnref14\" name=\"_ftn14\">[14]<\/a> \u00a0\u00a0\u00a0\u00a0\u00a0\u00a0\u00a0\u00a0 For the complete preliminary questions see: Preliminary Reference of the Conseil du Contentieux des \u00c9trangers (Belgium), lodged on 12.12.2016, Case\u00a0C-638\/16, <em>X and X\/\u00c9tat Belge<\/em>, OJ C\u00a038\/24 of 6.2.2017, p.\u00a018.<\/p>\n<p><a href=\"#_ftnref15\" name=\"_ftn15\">[15]<\/a> \u00a0\u00a0\u00a0\u00a0\u00a0\u00a0\u00a0\u00a0 CJEU, Judgment of 7.3.2017, Case\u00a0C-638\/16 PPU, <em>X and X<\/em>, ECLI:EU:C:2017:173, paras.\u00a041-43.<\/p>\n<p><a href=\"#_ftnref16\" name=\"_ftn16\">[16]<\/a> \u00a0\u00a0\u00a0\u00a0\u00a0\u00a0\u00a0\u00a0 Art. 62 (2) (b) (ii) of the EC Treaty foresaw that the Council of the European Union adopt measures concerning visas for intended stays of no more than three months.<\/p>\n<p><a href=\"#_ftnref17\" name=\"_ftn17\">[17]<\/a> \u00a0\u00a0\u00a0\u00a0\u00a0\u00a0\u00a0\u00a0 See above fn. 11, 12.<\/p>\n<p><a href=\"#_ftnref18\" name=\"_ftn18\">[18]<\/a> \u00a0\u00a0\u00a0\u00a0\u00a0\u00a0\u00a0\u00a0 CJEU, Judgment of 7.3.2017, Case\u00a0C-638\/16 PPU, <em>X and X<\/em>, ECLI:EU:C:2017:173, para.\u00a040 et seq.<\/p>\n<p><a href=\"#_ftnref19\" name=\"_ftn19\">[19]<\/a> \u00a0\u00a0\u00a0\u00a0\u00a0\u00a0\u00a0\u00a0 Ibid., paras.\u00a044, 45.<\/p>\n<p><a href=\"#_ftnref20\" name=\"_ftn20\">[20]<\/a> \u00a0\u00a0\u00a0\u00a0\u00a0\u00a0\u00a0\u00a0 Ibid., paras.\u00a046\u00a0et seq.<\/p>\n<p><a href=\"#_ftnref21\" name=\"_ftn21\">[21]<\/a> \u00a0\u00a0\u00a0\u00a0\u00a0\u00a0\u00a0\u00a0 Regulation (EU) No 604\/2013 of the European Parliament and of the Council of 26 June 2013 establishing the criteria and mechanisms for determining the Member State responsible for examining an application for international protection lodged in one of the Member States by a third-country national or a stateless person (recast), OJ L\u00a0180 of 29.6.2013, p.\u00a031.<\/p>\n<p><a href=\"#_ftnref22\" name=\"_ftn22\">[22]<\/a> \u00a0\u00a0\u00a0\u00a0\u00a0\u00a0\u00a0\u00a0 CJEU, Judgment of 7.3.2017, Case\u00a0C-638\/16 PPU, <em>X and X<\/em>, ECLI:EU:C:2017:173, para.\u00a048.<\/p>\n<p><a href=\"#_ftnref23\" name=\"_ftn23\">[23]<\/a> \u00a0\u00a0\u00a0\u00a0\u00a0\u00a0\u00a0\u00a0 Art. 1 and Art. 3 Dublin III Regulation oblige Member States to examine applications only when lodged on their territory.<\/p>\n<p><a href=\"#_ftnref24\" name=\"_ftn24\">[24]<\/a> \u00a0\u00a0\u00a0\u00a0\u00a0\u00a0\u00a0\u00a0 Art. 3 (1), (2) of Directive 2013\/32\/EU of the European Parliament and of the Council of 26 June 2013 on common procedures for granting and withdrawing international protection (recast) (Asylum Procedures Directive), OJ L\u00a0180 of 29.6.2013, p.\u00a060, defines the scope of the directive as applying to all applications for international protection made in the territory, including at the border, in the territorial waters or in the transit zones of the Member States but not to requests for diplomatic or territorial asylum submitted to representations of Member States.<\/p>\n<p><a href=\"#_ftnref25\" name=\"_ftn25\">[25]<\/a> \u00a0\u00a0\u00a0\u00a0\u00a0\u00a0\u00a0\u00a0 CJEU, Judgment of 7.3.2017, Case\u00a0C-638\/16 PPU, <em>X and X<\/em>, ECLI:EU:C:2017:173, para.\u00a049.<\/p>\n<p><a href=\"#_ftnref26\" name=\"_ftn26\">[26]<\/a> \u00a0\u00a0\u00a0\u00a0\u00a0\u00a0\u00a0\u00a0 Ibid., para. 50.<\/p>\n<p><a href=\"#_ftnref27\" name=\"_ftn27\">[27]<\/a> \u00a0\u00a0\u00a0\u00a0\u00a0\u00a0\u00a0\u00a0 In that vein: Opinion AG <em>Mengozzi<\/em> of 7.2.2017 to CJEU, Judgment of 7.3.2017, Case C-638\/16 PPU, <em>X and X<\/em>, ECLI:EU:C:2017:93, para. 53.<\/p>\n<p><a href=\"#_ftnref28\" name=\"_ftn28\">[28]<\/a> \u00a0\u00a0\u00a0\u00a0\u00a0\u00a0\u00a0\u00a0 CJEU, Judgment of 7.3.2017, Case\u00a0C-638\/16 PPU, <em>X and X<\/em>, ECLI:EU:C:2017:173, paras.\u00a046\u00a0 et seq.<\/p>\n<p><a href=\"#_ftnref29\" name=\"_ftn29\">[29]<\/a> \u00a0\u00a0\u00a0\u00a0\u00a0\u00a0\u00a0\u00a0 See Opinion AG <em>Mengozzi<\/em> to CJEU, Judgment of 7.3.2017, Case C-638\/16 PPU, <em>X and X<\/em>, ECLI:EU:C:2017:93, para.\u00a0132; <em>Peers<\/em>, External processing of applications for international protection in the EU, EU Law Analysis Blog of 24.4.2014: \u201e[\u2026] <em>LTV visa can be issued where the usual conditions for issuing a visa are not met, for instance where there is insufficient evidence of an intention to return to the country of origin. Obviously, where a person has a genuine protection need, a reluctance to return to her country of origin is perfectly understandable; indeed, it is built into the very definition of refugee or subsidiary protection status (ie a well-founded fear of suffering persecution or serious harm in that country)<\/em>.\u201c<\/p>\n<p><a href=\"#_ftnref30\" name=\"_ftn30\">[30]<\/a> \u00a0\u00a0\u00a0\u00a0\u00a0\u00a0\u00a0\u00a0 <em>Zoeteweij-Turhan\/Progin-Theuerkauf<\/em>, (Fn.\u00a08).<\/p>\n<p><a href=\"#_ftnref31\" name=\"_ftn31\">[31]<\/a> \u00a0\u00a0\u00a0\u00a0\u00a0\u00a0\u00a0\u00a0 In that vein: <em>Moreno-Lax<\/em>, Asylum Visas as an Obligation under EU Law: Case PPU C-638\/16 X, X v \u00c9tat belge (Part\u00a0I), EU Migration Law Blog of 16.2.2017, available at <a href=\"http:\/\/eumigrationlawblog.eu\/asylum-visas-as-an-obligation-under-eu-law-case-ppu-c-63816-x-x-v-etat-belge\/\">http:\/\/eumigrationlawblog.eu\/asylum-visas-as-an-obligation-under-eu-law-case-ppu-c-63816-x-x-v-etat-belge\/<\/a> (last accessed 24.4.2017), following the Opinion of AG <em>Mengozzi<\/em> to CJEU, Judgment of 7.3.2017, Case C-638\/16 PPU, <em>X and X<\/em>, ECLI:EU:C:2017:93, paras.\u00a049\u00a0et seqq.; <em>Ziebritzki<\/em>, Humanit\u00e4re Visa f\u00fcr Fl\u00fcchtlinge, Teil\u00a02: wirklich keine Angelegenheit der EU?, VerfBlog of 9.3.2017, available at <a href=\"http:\/\/verfassungsblog.de\/humanitaere-visa-fuer-fluechtlinge-teil-2-wirklich-keine-angelegenheit-der-eu\/\">http:\/\/verfassungsblog.de\/humanitaere-visa-fuer-fluechtlinge-teil-2-wirklich-keine-angelegenheit-der-eu\/<\/a>(last accessed 24.4.2017).<\/p>\n<p><a href=\"#_ftnref32\" name=\"_ftn32\">[32]<\/a> \u00a0\u00a0\u00a0\u00a0\u00a0\u00a0\u00a0\u00a0 Which is hard enough to reach in a situation of war\/conflict. See Opinion AG <em>Mengozzi<\/em> to CJEU, Judgment of 7.3.2017, Case C-638\/16 PPU, <em>X and X<\/em>, ECLI:EU:C:2017:93, para.\u00a0174: \u201cIn extreme conditions such as those that the applicants in the main proceedings have endured, their option to choose is as limited as the option of the Member States of the Mediterranean Basin to turn themselves into landlocked countries.\u201d<\/p>\n<p><a href=\"#_ftnref33\" name=\"_ftn33\">[33]<\/a> \u00a0\u00a0\u00a0\u00a0\u00a0\u00a0\u00a0\u00a0 Here by an obligation to issue visas based on Art. 4 CFR in conjunction with Art. 12 (2) Dublin III Regulation. This has been established for the Dublin Regulation at the latest since CJEU, Joint Cases C-411\/10 and C-493\/10, <em>N.S. and others<\/em>, ECLI:EU:C:2011:865. See Art.\u00a03 (2) subpara. 2 Dublin\u00a0III Regulation.<\/p>\n<p><a href=\"#_ftnref34\" name=\"_ftn34\">[34]<\/a> \u00a0\u00a0\u00a0\u00a0\u00a0\u00a0\u00a0\u00a0 Art.\u00a01 (3) Dublin\u00a0III Regulation.<\/p>\n<p><a href=\"#_ftnref35\" name=\"_ftn35\">[35]<\/a> \u00a0\u00a0\u00a0\u00a0\u00a0\u00a0\u00a0\u00a0 Art.\u00a03 (1), (2) Asylum Procedures Directive.<\/p>\n<p><a href=\"#_ftnref36\" name=\"_ftn36\">[36]<\/a> \u00a0\u00a0\u00a0\u00a0\u00a0\u00a0\u00a0\u00a0 Directive 2011\/95\/EU of 13.12.2011 on standards for the qualification of third-country nationals or stateless persons as beneficiaries of international protection, for a uniform status for refugees or for persons eligible for subsidiary protection, and for the content of the protection granted (recast), OJ L\u00a0337 of 20.12.2011, p.\u00a09.<\/p>\n<p><a href=\"#_ftnref37\" name=\"_ftn37\">[37]<\/a> \u00a0\u00a0\u00a0\u00a0\u00a0\u00a0\u00a0\u00a0 See also <em>Peers<\/em>, (fn.\u00a029).<\/p>\n<p><a href=\"#_ftnref38\" name=\"_ftn38\">[38]<\/a> \u00a0\u00a0\u00a0\u00a0\u00a0\u00a0\u00a0\u00a0 See extensively on this issue <em>Noll<\/em>, Seeking Asylum at Embassies: A Right to Entry under International Law?, International Refugee Law 2005, pp.\u00a0542-573.<\/p>\n<p><a href=\"#_ftnref39\" name=\"_ftn39\">[39]<\/a> \u00a0\u00a0\u00a0\u00a0\u00a0\u00a0\u00a0\u00a0 See with additional references <em>Goodwin-Gill<\/em>\/<em>McAdam<\/em>, The Refugee in International Law, 3.\u00a0edition 2011, pp.\u00a0370\u00a0et seq.<\/p>\n<p><a href=\"#_ftnref40\" name=\"_ftn40\">[40]<\/a> \u00a0\u00a0\u00a0\u00a0\u00a0\u00a0\u00a0\u00a0 The better arguments support the unlimited territorial scope of the CFR. Cf. Opinion AG <em>Mengozzi<\/em> to CJEU, Judgment of 7.3.2017, Case C-638\/16 PPU, <em>X and X<\/em>, ECLI:EU:C:2017:93, para.\u00a089 and 94\u00a0et seqq.;<em> Directorate General for Internal Policies (European Parliament)<\/em>, Humanitarian Visas: option or obligation?, p. 28, available at: <a href=\"http:\/\/www.europarl.europa.eu\/RegData\/etudes\/STUD\/2014\/509986\/IPOL_STU(2014)509986_EN.pdf\">http:\/\/www.europarl.europa.eu\/RegData\/etudes\/STUD\/2014\/509986\/IPOL_STU(2014)509986_EN.pdf<\/a>, (last accessed 24.4.2017).<\/p>\n<p><a href=\"#_ftnref41\" name=\"_ftn41\">[41]<\/a> \u00a0\u00a0\u00a0\u00a0\u00a0\u00a0\u00a0\u00a0 That being the claim of the Attorney General: Opinion AG <em>Mengozzi<\/em> of 7.2.2017 to CJEU, Judgment of 7.3.2017, Case C-638\/16 PPU, <em>X and X<\/em>, ECLI:EU:C:2017:93, paras. 6, 139, 140, 155, 174. Concerning the legal admissibility of such an obligation, see also<em> Directorate General for Internal Policies<\/em>, (fn.\u00a040), p.\u00a027; <em>Moreno-Lax<\/em>, Asylum Visas as an Obligation under EU Law: Case PPU C-638\/16 X, X v \u00c9tat belge (Part II), EU Migration Law Blog of 21.2.2017, accessible at <a href=\"http:\/\/eumigrationlawblog.eu\/asylum-visas-as-an-obligation-under-eu-law-case-ppu-c-63816-x-x-v-etat-belge-part-ii\/\">http:\/\/eumigrationlawblog.eu\/asylum-visas-as-an-obligation-under-eu-law-case-ppu-c-63816-x-x-v-etat-belge-part-ii\/<\/a>, (last accessed 28.3.2017) . <em>Ziebritzki<\/em>, (Fn. 31), qualifies answering the question of the positive obligations\u2019 range as legally and politically most exciting, yet difficult.<\/p>\n<p><a href=\"#_ftnref42\" name=\"_ftn42\">[42]<\/a> \u00a0\u00a0\u00a0\u00a0\u00a0\u00a0\u00a0\u00a0 With regard to the necessary and possible balancing exercise see <em>Zoeteweij-Turhan\/Progin-Theuerkauf<\/em>, AG Mengozzi\u2019s Opinion on granting visas to Syrians from Aleppo: wishful thinking?, EU Law Blog of 14.2.2017, available at <a href=\"http:\/\/europeanlawblog.eu\/2017\/02\/14\/ag-mengozzis-opinion-on-granting-visa-to-syrians-from-aleppo-wishful-thinking\/\">http:\/\/europeanlawblog.eu\/2017\/02\/14\/ag-mengozzis-opinion-on-granting-visa-to-syrians-from-aleppo-wishful-thinking\/<\/a>, (last accessed 24.4.2017).<\/p>\n<p><a href=\"#_ftnref43\" name=\"_ftn43\">[43]<\/a> \u00a0\u00a0\u00a0\u00a0\u00a0\u00a0\u00a0\u00a0 Rapporteur <em>L\u00f3pez Aguilar<\/em>, Report on the proposal for a regulation of the European Parliament and of the Council on the Union Code on Visas (Visa Code) (recast), COM(2014)164, Doc. A8-0145\/2016 , p.\u00a0103. The Report has been transferred to the European Parliament for it to adopt its position at first reading.<\/p>\n<p><a href=\"#_ftnref44\" name=\"_ftn44\">[44]<\/a> \u00a0\u00a0\u00a0\u00a0\u00a0\u00a0\u00a0\u00a0 Art.\u00a02, Art.\u00a03 (1), Art.\u00a021 (1), \u00a0(2) (b), (c) TEU; See the question of AG <em>Mengozzi<\/em> in his Opinion to CJEU, Judgment of 7.3.2017, Case C-638\/16 PPU, <em>X and X<\/em>, ECLI:EU:C:2017:93, para.\u00a06.<\/p>\n<p><strong>Suggested Citation:<\/strong> <em>M\u00fcller, Kristina<\/em>, No Legal Pathway for Asylum Seekers to the EU through Humanitarian Visas: The case of X and X v Belgium before the CJEU, jean-monnet-saar 2017, DOI: <a href=\"https:\/\/intr2dok.vifa-recht.de\/receive\/mir_mods_00012553?q=No%20Legal%20Pathway%20for%20Asylum%20Seekers%20to%20the%20EU%20through%20Humanitarian%20Visas:%20The%20case%20of%20X%20and%20X%20v%20Belgium%20before%20the%20CJEU\">10.17176\/20220422-161655-0<\/a><\/p>\n","protected":false},"excerpt":{"rendered":"<p>\u00a0[German version below] The latest paper in the E-Paper series Saar Briefs analyses the Judgment &#8222;X and X v Belgium&#8220;, in which the CJEU, contrary<\/p>\n","protected":false},"author":16,"featured_media":1695,"comment_status":"closed","ping_status":"closed","sticky":false,"template":"","format":"standard","meta":{"footnotes":""},"categories":[1],"tags":[316,319,318,317,315],"class_list":["post-1753","post","type-post","status-publish","format-standard","has-post-thumbnail","hentry","category-allgemein","tag-cjeu","tag-eu-charter-of-fundamental-rights","tag-humanitarian-visa","tag-visa-code","tag-x-and-x-v-belgium"],"cc_featured_image_caption":{"caption_text":false,"source_text":false,"source_url":false},"_links":{"self":[{"href":"https:\/\/jean-monnet-saar.eu\/index.php?rest_route=\/wp\/v2\/posts\/1753","targetHints":{"allow":["GET"]}}],"collection":[{"href":"https:\/\/jean-monnet-saar.eu\/index.php?rest_route=\/wp\/v2\/posts"}],"about":[{"href":"https:\/\/jean-monnet-saar.eu\/index.php?rest_route=\/wp\/v2\/types\/post"}],"author":[{"embeddable":true,"href":"https:\/\/jean-monnet-saar.eu\/index.php?rest_route=\/wp\/v2\/users\/16"}],"replies":[{"embeddable":true,"href":"https:\/\/jean-monnet-saar.eu\/index.php?rest_route=%2Fwp%2Fv2%2Fcomments&post=1753"}],"version-history":[{"count":0,"href":"https:\/\/jean-monnet-saar.eu\/index.php?rest_route=\/wp\/v2\/posts\/1753\/revisions"}],"wp:featuredmedia":[{"embeddable":true,"href":"https:\/\/jean-monnet-saar.eu\/index.php?rest_route=\/wp\/v2\/media\/1695"}],"wp:attachment":[{"href":"https:\/\/jean-monnet-saar.eu\/index.php?rest_route=%2Fwp%2Fv2%2Fmedia&parent=1753"}],"wp:term":[{"taxonomy":"category","embeddable":true,"href":"https:\/\/jean-monnet-saar.eu\/index.php?rest_route=%2Fwp%2Fv2%2Fcategories&post=1753"},{"taxonomy":"post_tag","embeddable":true,"href":"https:\/\/jean-monnet-saar.eu\/index.php?rest_route=%2Fwp%2Fv2%2Ftags&post=1753"}],"curies":[{"name":"wp","href":"https:\/\/api.w.org\/{rel}","templated":true}]}}