{"id":179321,"date":"2022-05-13T10:36:36","date_gmt":"2022-05-13T09:36:36","guid":{"rendered":"https:\/\/jean-monnet-saar.eu\/?p=179321"},"modified":"2022-05-13T10:39:24","modified_gmt":"2022-05-13T09:39:24","slug":"professor-giegerich-eroeffnet-die-3-saarbruecker-europa-konferenz","status":"publish","type":"post","link":"https:\/\/jean-monnet-saar.eu\/?p=179321","title":{"rendered":"Professor Giegerich er\u00f6ffnet die 3. Saarbr\u00fccker Europa-Konferenz"},"content":{"rendered":"\n<p>Am 12.5.2022 hielt Prof. Dr. Thomas Giegerich in seiner Eigenschaft als Direktor des Cluster f\u00fcr Europaforschung der Universit\u00e4t des Saarlandes (CEUS) zur Er\u00f6ffnung der <a href=\"https:\/\/jean-monnet-saar.eu\/wp-content\/uploads\/2022\/05\/Programm_Europa-Konferenz-2022.pdf\">3. Saarbr\u00fccker Europa-Konferenz<\/a> zum Thema \u201eSolidarit\u00e4t in Europa \u2013 Europ\u00e4ische Solidarit\u00e4t\u201c eine Ansprache, die <a href=\"https:\/\/jean-monnet-saar.eu\/wp-content\/uploads\/2022\/05\/Begruessung_Europa-Konferenz.pdf\">hier abrufbar <\/a>ist.<\/p>\n","protected":false},"excerpt":{"rendered":"<p>Am 12.5.2022 hielt Prof. Dr. Thomas Giegerich in seiner Eigenschaft als Direktor des Cluster f\u00fcr Europaforschung der Universit\u00e4t des Saarlandes (CEUS) zur Er\u00f6ffnung der 3.<\/p>\n","protected":false},"author":16,"featured_media":14945,"comment_status":"closed","ping_status":"closed","sticky":false,"template":"","format":"standard","meta":{"footnotes":""},"categories":[1],"tags":[],"class_list":["post-179321","post","type-post","status-publish","format-standard","has-post-thumbnail","hentry","category-allgemein"],"cc_featured_image_caption":{"caption_text":false,"source_text":false,"source_url":false},"_links":{"self":[{"href":"https:\/\/jean-monnet-saar.eu\/index.php?rest_route=\/wp\/v2\/posts\/179321","targetHints":{"allow":["GET"]}}],"collection":[{"href":"https:\/\/jean-monnet-saar.eu\/index.php?rest_route=\/wp\/v2\/posts"}],"about":[{"href":"https:\/\/jean-monnet-saar.eu\/index.php?rest_route=\/wp\/v2\/types\/post"}],"author":[{"embeddable":true,"href":"https:\/\/jean-monnet-saar.eu\/index.php?rest_route=\/wp\/v2\/users\/16"}],"replies":[{"embeddable":true,"href":"https:\/\/jean-monnet-saar.eu\/index.php?rest_route=%2Fwp%2Fv2%2Fcomments&post=179321"}],"version-history":[{"count":0,"href":"https:\/\/jean-monnet-saar.eu\/index.php?rest_route=\/wp\/v2\/posts\/179321\/revisions"}],"wp:featuredmedia":[{"embeddable":true,"href":"https:\/\/jean-monnet-saar.eu\/index.php?rest_route=\/wp\/v2\/media\/14945"}],"wp:attachment":[{"href":"https:\/\/jean-monnet-saar.eu\/index.php?rest_route=%2Fwp%2Fv2%2Fmedia&parent=179321"}],"wp:term":[{"taxonomy":"category","embeddable":true,"href":"https:\/\/jean-monnet-saar.eu\/index.php?rest_route=%2Fwp%2Fv2%2Fcategories&post=179321"},{"taxonomy":"post_tag","embeddable":true,"href":"https:\/\/jean-monnet-saar.eu\/index.php?rest_route=%2Fwp%2Fv2%2Ftags&post=179321"}],"curies":[{"name":"wp","href":"https:\/\/api.w.org\/{rel}","templated":true}]}}