{"id":1806,"date":"2017-07-26T13:44:47","date_gmt":"2017-07-26T11:44:47","guid":{"rendered":"https:\/\/jean-monnet-saar.eu\/?p=1806"},"modified":"2018-05-24T09:21:31","modified_gmt":"2018-05-24T07:21:31","slug":"erfolgreicher-antrag-fuer-einen-jean-monnet-lehrstuhl-fuer-europaeische-integration-antidiskriminierung-menschenrechte-und-vielfalt","status":"publish","type":"post","link":"https:\/\/jean-monnet-saar.eu\/?p=1806","title":{"rendered":"Erfolgreicher Antrag f\u00fcr einen Jean-Monnet-Lehrstuhl f\u00fcr Europ\u00e4ische Integration, Antidiskriminierung, Menschenrechte und Vielfalt"},"content":{"rendered":"<p>Die Education, Audiovisual and Culture Executive Agency der Europ\u00e4ischen Union hat Prof. Giegerich im Rahmen des Erasmus+-Programms einen mit \u20ac 50.000 dotierten Jean-Monnet-Lehrstuhl f\u00fcr Europ\u00e4ische Integration, Antidiskriminierung, Menschenrechte und Vielfalt zuerkannt. In den n\u00e4chsten drei Jahren wird der Lehrstuhlinhaber sich mit seinen Mitarbeiterinnen und Mitarbeitern verst\u00e4rkt dem Schutz besonders gef\u00e4hrdeter Gruppen (z.B. Migranten, Fl\u00fcchtlinge, Angeh\u00f6rige religi\u00f6ser Minderheiten und LGBTI-Personen) im nationalen, internationalen und supranationalen Recht widmen. Angesichts zunehmender Ressentiments und sogar \u00dcbergriffe gegen solche Personen liegt deren besondere Schutzbed\u00fcrftigkeit offen zu Tage.<\/p>\n","protected":false},"excerpt":{"rendered":"<p>Die Education, Audiovisual and Culture Executive Agency der Europ\u00e4ischen Union hat Prof. Giegerich im Rahmen des Erasmus+-Programms einen mit \u20ac 50.000 dotierten Jean-Monnet-Lehrstuhl f\u00fcr Europ\u00e4ische<\/p>\n","protected":false},"author":17,"featured_media":1262,"comment_status":"closed","ping_status":"closed","sticky":false,"template":"","format":"standard","meta":{"footnotes":""},"categories":[1],"tags":[77,337,336,335],"class_list":["post-1806","post","type-post","status-publish","format-standard","has-post-thumbnail","hentry","category-allgemein","tag-antidiscrimination","tag-antidiskriminierung","tag-jean-monnet-chair","tag-jean-monnet-lehrstuhl"],"cc_featured_image_caption":{"caption_text":false,"source_text":false,"source_url":false},"_links":{"self":[{"href":"https:\/\/jean-monnet-saar.eu\/index.php?rest_route=\/wp\/v2\/posts\/1806","targetHints":{"allow":["GET"]}}],"collection":[{"href":"https:\/\/jean-monnet-saar.eu\/index.php?rest_route=\/wp\/v2\/posts"}],"about":[{"href":"https:\/\/jean-monnet-saar.eu\/index.php?rest_route=\/wp\/v2\/types\/post"}],"author":[{"embeddable":true,"href":"https:\/\/jean-monnet-saar.eu\/index.php?rest_route=\/wp\/v2\/users\/17"}],"replies":[{"embeddable":true,"href":"https:\/\/jean-monnet-saar.eu\/index.php?rest_route=%2Fwp%2Fv2%2Fcomments&post=1806"}],"version-history":[{"count":0,"href":"https:\/\/jean-monnet-saar.eu\/index.php?rest_route=\/wp\/v2\/posts\/1806\/revisions"}],"wp:featuredmedia":[{"embeddable":true,"href":"https:\/\/jean-monnet-saar.eu\/index.php?rest_route=\/wp\/v2\/media\/1262"}],"wp:attachment":[{"href":"https:\/\/jean-monnet-saar.eu\/index.php?rest_route=%2Fwp%2Fv2%2Fmedia&parent=1806"}],"wp:term":[{"taxonomy":"category","embeddable":true,"href":"https:\/\/jean-monnet-saar.eu\/index.php?rest_route=%2Fwp%2Fv2%2Fcategories&post=1806"},{"taxonomy":"post_tag","embeddable":true,"href":"https:\/\/jean-monnet-saar.eu\/index.php?rest_route=%2Fwp%2Fv2%2Ftags&post=1806"}],"curies":[{"name":"wp","href":"https:\/\/api.w.org\/{rel}","templated":true}]}}