{"id":1934,"date":"2018-03-15T13:18:09","date_gmt":"2018-03-15T11:18:09","guid":{"rendered":"https:\/\/jean-monnet-saar.eu\/?p=1934"},"modified":"2021-01-26T13:37:43","modified_gmt":"2021-01-26T11:37:43","slug":"podiumsdiskussion-zum-thema-demokratie-gestalten-im-zeitalter-von-europaeisierung-und-globalisierung","status":"publish","type":"post","link":"https:\/\/jean-monnet-saar.eu\/?p=1934","title":{"rendered":"Podiumsdiskussion zum Thema \u201eDemokratie gestalten im Zeitalter von Europ\u00e4isierung und Globalisierung\u201c"},"content":{"rendered":"<p><span style=\"margin: 0px; line-height: 115%; font-family: 'Times New Roman','serif'; font-size: 12pt;\"><span style=\"color: #000000;\">Am 7.3<a href=\"https:\/\/jean-monnet-saar.eu\/wp-content\/uploads\/2018\/03\/30.jpg\"><img loading=\"lazy\" decoding=\"async\" class=\"size-medium wp-image-1951 alignright\" src=\"https:\/\/jean-monnet-saar.eu\/wp-content\/uploads\/2018\/03\/30-300x200.jpg\" alt=\"\" width=\"300\" height=\"200\" srcset=\"https:\/\/jean-monnet-saar.eu\/wp-content\/uploads\/2018\/03\/30-300x200.jpg 300w, https:\/\/jean-monnet-saar.eu\/wp-content\/uploads\/2018\/03\/30-768x512.jpg 768w, https:\/\/jean-monnet-saar.eu\/wp-content\/uploads\/2018\/03\/30-1024x682.jpg 1024w, https:\/\/jean-monnet-saar.eu\/wp-content\/uploads\/2018\/03\/30.jpg 1196w\" sizes=\"auto, (max-width: 300px) 100vw, 300px\" \/><\/a>.2018 fand im Rahmen des Antrittsbesuchs von Bundespr\u00e4sident Steinmeier im Saarland eine Podiumsdiskussion zum Thema \u201eDemokratie gestalten im Zeitalter von Europ\u00e4isierung und Globalisierung\u201c in der Europ\u00e4ischen Akademie Otzenhausen statt. Neben dem Bundespr\u00e4sidenten, Frau B\u00fcdenbender, dem saarl\u00e4ndischen Ministerpr\u00e4sidenten Hans und dem saarl\u00e4ndischen Europaminister Strobel sa\u00dfen auch Prof. Dr. Thomas Giegerich, Corinna Voda und Nata\u0161a Vujinovi\u0107 vom Europa-Institut auf dem Podium. Fotos der Veranstaltung finden Sie hier. Eine kurze Stellungnahme von Prof. Giegerich zum Diskussionsthema finden Sie <strong><a href=\"https:\/\/jean-monnet-saar.eu\/?p=1935\">hier<\/a>.<\/strong><\/span><\/span><\/p>\n","protected":false},"excerpt":{"rendered":"<p>Am 7.3.2018 fand im Rahmen des Antrittsbesuchs von Bundespr\u00e4sident Steinmeier im Saarland eine Podiumsdiskussion zum Thema \u201eDemokratie gestalten im Zeitalter von Europ\u00e4isierung und Globalisierung\u201c in<\/p>\n","protected":false},"author":17,"featured_media":2014,"comment_status":"closed","ping_status":"closed","sticky":false,"template":"","format":"standard","meta":{"footnotes":""},"categories":[1],"tags":[],"class_list":["post-1934","post","type-post","status-publish","format-standard","has-post-thumbnail","hentry","category-allgemein"],"cc_featured_image_caption":{"caption_text":false,"source_text":false,"source_url":false},"_links":{"self":[{"href":"https:\/\/jean-monnet-saar.eu\/index.php?rest_route=\/wp\/v2\/posts\/1934","targetHints":{"allow":["GET"]}}],"collection":[{"href":"https:\/\/jean-monnet-saar.eu\/index.php?rest_route=\/wp\/v2\/posts"}],"about":[{"href":"https:\/\/jean-monnet-saar.eu\/index.php?rest_route=\/wp\/v2\/types\/post"}],"author":[{"embeddable":true,"href":"https:\/\/jean-monnet-saar.eu\/index.php?rest_route=\/wp\/v2\/users\/17"}],"replies":[{"embeddable":true,"href":"https:\/\/jean-monnet-saar.eu\/index.php?rest_route=%2Fwp%2Fv2%2Fcomments&post=1934"}],"version-history":[{"count":0,"href":"https:\/\/jean-monnet-saar.eu\/index.php?rest_route=\/wp\/v2\/posts\/1934\/revisions"}],"wp:featuredmedia":[{"embeddable":true,"href":"https:\/\/jean-monnet-saar.eu\/index.php?rest_route=\/wp\/v2\/media\/2014"}],"wp:attachment":[{"href":"https:\/\/jean-monnet-saar.eu\/index.php?rest_route=%2Fwp%2Fv2%2Fmedia&parent=1934"}],"wp:term":[{"taxonomy":"category","embeddable":true,"href":"https:\/\/jean-monnet-saar.eu\/index.php?rest_route=%2Fwp%2Fv2%2Fcategories&post=1934"},{"taxonomy":"post_tag","embeddable":true,"href":"https:\/\/jean-monnet-saar.eu\/index.php?rest_route=%2Fwp%2Fv2%2Ftags&post=1934"}],"curies":[{"name":"wp","href":"https:\/\/api.w.org\/{rel}","templated":true}]}}