{"id":2020,"date":"2018-06-08T14:58:44","date_gmt":"2018-06-08T12:58:44","guid":{"rendered":"https:\/\/jean-monnet-saar.eu\/?p=2020"},"modified":"2021-01-26T13:02:17","modified_gmt":"2021-01-26T11:02:17","slug":"beitrag-von-prof-dr-giegerich-auf-dem-verfassungsblog","status":"publish","type":"post","link":"https:\/\/jean-monnet-saar.eu\/?p=2020","title":{"rendered":"Beitrag von Prof. Dr. Giegerich auf dem Verfassungsblog"},"content":{"rendered":"<p>Gestern ist auf dem Verfassungsblog ein Beitrag von Prof. Dr. Thomas Giegerich mit dem Titel \u201eBringt das EU-Recht den Europawahlen in Deutschland die 5%-Klausel zur\u00fcck?\u201c erschienen. Der Beitrag ist <strong><a href=\"https:\/\/verfassungsblog.de\/bringt-das-eu-recht-den-europawahlen-in-deutschland-die-5-klausel-zurueck\/\">hier<\/a> <\/strong>abrufbar. Hintergrund ist eine Entschlie\u00dfung des Europ\u00e4ischen Parlaments vom 11.11.2015, in der u.a. eine Neufassung von Art. 3 des Direktwahlakts vorgeschlagen wird, der zufolge Mitgliedstaaten mit mehr als 26 Sitzen eine Sperrklausel von nicht weniger als 3% und nicht mehr als 5% einf\u00fchren m\u00fcssen. Damit soll die Rechtsprechung des Bundesverfassungsgerichts korrigiert werden. Dieses hatte eine 3%-Klausel kurz vor den letzten Europawahlen von 2014 in Deutschland f\u00fcr verfassungswidrig erkl\u00e4rt, deren Einf\u00fchrung die derzeit geltende Fassung von Art. 3 DWA nur erlaubt, ohne sie verpflichtend vorzugeben. Infolgedessen hatten in Deutschland sieben Splitterparteien je einen Sitz im EP erhalten. In Kraft treten kann die vorgeschlagene \u00c4nderung nach Art. 223 Abs. 1 UA 2 AEUV nur, wenn der Rat sie einstimmig beschlie\u00dft und ihr dar\u00fcber hinaus alle Mitgliedstaaten im Einklang mit ihren jeweiligen verfassungsrechtlichen Vorgaben zustimmen. Dies d\u00fcrfte nicht mehr rechtzeitig vor den Europawahlen 2019 geschehen. Gegen h\u00f6herrangiges Recht w\u00fcrde der neue Art. 3 DWA nicht versto\u00dfen.<\/p>\n","protected":false},"excerpt":{"rendered":"<p>Gestern ist auf dem Verfassungsblog ein Beitrag von Prof. Dr. Thomas Giegerich mit dem Titel \u201eBringt das EU-Recht den Europawahlen in Deutschland die 5%-Klausel zur\u00fcck?\u201c<\/p>\n","protected":false},"author":17,"featured_media":270,"comment_status":"closed","ping_status":"closed","sticky":false,"template":"","format":"aside","meta":{"footnotes":""},"categories":[1],"tags":[379,26,381,380],"class_list":["post-2020","post","type-post","status-publish","format-aside","has-post-thumbnail","hentry","category-allgemein","tag-europaeisches_parlament","tag-europawahl","tag-sperrklausel","tag-wahlrecht","post_format-post-format-aside"],"cc_featured_image_caption":{"caption_text":false,"source_text":false,"source_url":false},"_links":{"self":[{"href":"https:\/\/jean-monnet-saar.eu\/index.php?rest_route=\/wp\/v2\/posts\/2020","targetHints":{"allow":["GET"]}}],"collection":[{"href":"https:\/\/jean-monnet-saar.eu\/index.php?rest_route=\/wp\/v2\/posts"}],"about":[{"href":"https:\/\/jean-monnet-saar.eu\/index.php?rest_route=\/wp\/v2\/types\/post"}],"author":[{"embeddable":true,"href":"https:\/\/jean-monnet-saar.eu\/index.php?rest_route=\/wp\/v2\/users\/17"}],"replies":[{"embeddable":true,"href":"https:\/\/jean-monnet-saar.eu\/index.php?rest_route=%2Fwp%2Fv2%2Fcomments&post=2020"}],"version-history":[{"count":0,"href":"https:\/\/jean-monnet-saar.eu\/index.php?rest_route=\/wp\/v2\/posts\/2020\/revisions"}],"wp:featuredmedia":[{"embeddable":true,"href":"https:\/\/jean-monnet-saar.eu\/index.php?rest_route=\/wp\/v2\/media\/270"}],"wp:attachment":[{"href":"https:\/\/jean-monnet-saar.eu\/index.php?rest_route=%2Fwp%2Fv2%2Fmedia&parent=2020"}],"wp:term":[{"taxonomy":"category","embeddable":true,"href":"https:\/\/jean-monnet-saar.eu\/index.php?rest_route=%2Fwp%2Fv2%2Fcategories&post=2020"},{"taxonomy":"post_tag","embeddable":true,"href":"https:\/\/jean-monnet-saar.eu\/index.php?rest_route=%2Fwp%2Fv2%2Ftags&post=2020"}],"curies":[{"name":"wp","href":"https:\/\/api.w.org\/{rel}","templated":true}]}}