{"id":202237,"date":"2022-07-15T13:28:50","date_gmt":"2022-07-15T12:28:50","guid":{"rendered":"https:\/\/jean-monnet-saar.eu\/?p=202237"},"modified":"2022-07-15T13:28:52","modified_gmt":"2022-07-15T12:28:52","slug":"neues-zeus-heft-zur-europaeischen-lieferkettenverantwortlichkeit","status":"publish","type":"post","link":"https:\/\/jean-monnet-saar.eu\/?p=202237","title":{"rendered":"Neues ZEuS-Heft zur europ\u00e4ischen Lieferkettenverantwortlichkeit"},"content":{"rendered":"\n<p>Soeben ist Heft 2 des 25. Jahrgangs 2022 der Zeitschrift f\u00fcr Europarechtliche Studien erschienen. Die insgesamt 11 Beitr\u00e4ge (9 von ihnen englisch, zwei deutsch) behandeln auf \u00fcber 200 Seiten die Lieferkettenverantwortlichkeit aus allen wesentlichen Perspektiven. Prof. Giegerich f\u00fchrt mit seinem Beitrag \u201eSupply Chains Responsibilities in the \u2018Democratic and Equitable International Order\u2019 \u2013 the Tasks for the European Union and Its Member States\u201d in die Problematik ein. Seine Schlussfolgerung lautet: \u201e\u2026 supply chains laws are not only legal and legitimate from the perspective of international law; they are even required by both international law and EU law. They are in fact long overdue.\u201d Der Beitrag ist <a href=\"https:\/\/www.nomos-elibrary.de\/10.5771\/1435-439X-2022-2\/zeus-zeitschrift-fuer-europarechtliche-studien-jahrgang-25-2022-heft-2?page=1\">hier<\/a> online abrufbar.<\/p>\n","protected":false},"excerpt":{"rendered":"<p>Soeben ist Heft 2 des 25. Jahrgangs 2022 der Zeitschrift f\u00fcr Europarechtliche Studien erschienen. Die insgesamt 11 Beitr\u00e4ge (9 von ihnen englisch, zwei deutsch) behandeln<\/p>\n","protected":false},"author":16,"featured_media":1878,"comment_status":"closed","ping_status":"closed","sticky":false,"template":"","format":"standard","meta":{"footnotes":""},"categories":[1],"tags":[38,174,554,240],"class_list":["post-202237","post","type-post","status-publish","format-standard","has-post-thumbnail","hentry","category-allgemein","tag-eu","tag-europarecht","tag-lieferkettengesetz","tag-zeus"],"cc_featured_image_caption":{"caption_text":false,"source_text":false,"source_url":false},"_links":{"self":[{"href":"https:\/\/jean-monnet-saar.eu\/index.php?rest_route=\/wp\/v2\/posts\/202237","targetHints":{"allow":["GET"]}}],"collection":[{"href":"https:\/\/jean-monnet-saar.eu\/index.php?rest_route=\/wp\/v2\/posts"}],"about":[{"href":"https:\/\/jean-monnet-saar.eu\/index.php?rest_route=\/wp\/v2\/types\/post"}],"author":[{"embeddable":true,"href":"https:\/\/jean-monnet-saar.eu\/index.php?rest_route=\/wp\/v2\/users\/16"}],"replies":[{"embeddable":true,"href":"https:\/\/jean-monnet-saar.eu\/index.php?rest_route=%2Fwp%2Fv2%2Fcomments&post=202237"}],"version-history":[{"count":0,"href":"https:\/\/jean-monnet-saar.eu\/index.php?rest_route=\/wp\/v2\/posts\/202237\/revisions"}],"wp:featuredmedia":[{"embeddable":true,"href":"https:\/\/jean-monnet-saar.eu\/index.php?rest_route=\/wp\/v2\/media\/1878"}],"wp:attachment":[{"href":"https:\/\/jean-monnet-saar.eu\/index.php?rest_route=%2Fwp%2Fv2%2Fmedia&parent=202237"}],"wp:term":[{"taxonomy":"category","embeddable":true,"href":"https:\/\/jean-monnet-saar.eu\/index.php?rest_route=%2Fwp%2Fv2%2Fcategories&post=202237"},{"taxonomy":"post_tag","embeddable":true,"href":"https:\/\/jean-monnet-saar.eu\/index.php?rest_route=%2Fwp%2Fv2%2Ftags&post=202237"}],"curies":[{"name":"wp","href":"https:\/\/api.w.org\/{rel}","templated":true}]}}