{"id":2042,"date":"2018-10-11T14:12:39","date_gmt":"2018-10-11T12:12:39","guid":{"rendered":"https:\/\/jean-monnet-saar.eu\/?p=2042"},"modified":"2018-10-11T14:12:39","modified_gmt":"2018-10-11T12:12:39","slug":"prof-giegerich-erhaelt-zuschuss-von-der-dfg","status":"publish","type":"post","link":"https:\/\/jean-monnet-saar.eu\/?p=2042","title":{"rendered":"Prof. Giegerich erh\u00e4lt Zuschuss von der DFG"},"content":{"rendered":"<p>Die Deutsche Forschungsgemeinschaft hat Prof. Giegerich einen Zuschuss in H\u00f6he von bis zu 24.400\u20ac f\u00fcr die Durchf\u00fchrung einer internationalen wissenschaftlichen Tagung zum Thema &#8222;The European Union as Protector and Promoter of Equality&#8220; bewilligt, die vom 28.3.-30.3.2019 an der Europ\u00e4ischen Akademie in Otzenhausen stattfinden wird. Die Organisation dieser Tagung erfolgt im Rahmen der Aktivit\u00e4ten des Jean-Monnet-Lehrstuhls f\u00fcr Europ\u00e4ische Integration, Antidiskriminierung, Menschenrechte und Vielfalt.<\/p>\n","protected":false},"excerpt":{"rendered":"<p>Die Deutsche Forschungsgemeinschaft hat Prof. Giegerich einen Zuschuss in H\u00f6he von bis zu 24.400\u20ac f\u00fcr die Durchf\u00fchrung einer internationalen wissenschaftlichen Tagung zum Thema &#8222;The European<\/p>\n","protected":false},"author":17,"featured_media":0,"comment_status":"closed","ping_status":"closed","sticky":false,"template":"","format":"aside","meta":{"footnotes":""},"categories":[1],"tags":[388,370,38,390,389,391,84,392],"class_list":["post-2042","post","type-post","status-publish","format-aside","hentry","category-allgemein","tag-dfg","tag-equality","tag-eu","tag-europeanunion","tag-foerderung","tag-gleichheit","tag-menschenrechte","tag-vielfalt","post_format-post-format-aside"],"cc_featured_image_caption":{"caption_text":false,"source_text":false,"source_url":false},"_links":{"self":[{"href":"https:\/\/jean-monnet-saar.eu\/index.php?rest_route=\/wp\/v2\/posts\/2042","targetHints":{"allow":["GET"]}}],"collection":[{"href":"https:\/\/jean-monnet-saar.eu\/index.php?rest_route=\/wp\/v2\/posts"}],"about":[{"href":"https:\/\/jean-monnet-saar.eu\/index.php?rest_route=\/wp\/v2\/types\/post"}],"author":[{"embeddable":true,"href":"https:\/\/jean-monnet-saar.eu\/index.php?rest_route=\/wp\/v2\/users\/17"}],"replies":[{"embeddable":true,"href":"https:\/\/jean-monnet-saar.eu\/index.php?rest_route=%2Fwp%2Fv2%2Fcomments&post=2042"}],"version-history":[{"count":0,"href":"https:\/\/jean-monnet-saar.eu\/index.php?rest_route=\/wp\/v2\/posts\/2042\/revisions"}],"wp:attachment":[{"href":"https:\/\/jean-monnet-saar.eu\/index.php?rest_route=%2Fwp%2Fv2%2Fmedia&parent=2042"}],"wp:term":[{"taxonomy":"category","embeddable":true,"href":"https:\/\/jean-monnet-saar.eu\/index.php?rest_route=%2Fwp%2Fv2%2Fcategories&post=2042"},{"taxonomy":"post_tag","embeddable":true,"href":"https:\/\/jean-monnet-saar.eu\/index.php?rest_route=%2Fwp%2Fv2%2Ftags&post=2042"}],"curies":[{"name":"wp","href":"https:\/\/api.w.org\/{rel}","templated":true}]}}