{"id":2082,"date":"2019-03-12T14:53:15","date_gmt":"2019-03-12T12:53:15","guid":{"rendered":"https:\/\/jean-monnet-saar.eu\/?p=2082"},"modified":"2021-01-26T12:51:21","modified_gmt":"2021-01-26T10:51:21","slug":"symposium-the-european-union-as-protector-and-promoter-of-equality-an-der-eao","status":"publish","type":"post","link":"https:\/\/jean-monnet-saar.eu\/?p=2082","title":{"rendered":"Symposium &#8222;The European Union as Protector and Promoter of Equality&#8220; an der EAO"},"content":{"rendered":"<p>Der Jean-Monnet-Lehrstuhl f\u00fcr Europ\u00e4ische Integration, Antidiskriminierung, Menschenrechte und Vielfalt organisiert vom 28.-30. M\u00e4rz 2019 ein internationales und interdisziplin\u00e4res Symposium an der Europ\u00e4ischen Akademie Otzenhausen \u00fcber die Rolle der Europ\u00e4ischen Union beim Schutz und der F\u00f6rderung der Gleichstellung.<\/p>\n<p>Bei dem englischsprachigen Symposium mit dem Titel <strong>&#8222;The European Union as Protector and Promoter of Equality&#8220; <\/strong>wird der Grundsatz der Gleichstellung als Grundwert der Europ\u00e4ischen Union sowie verschiedene aktuelle Fragen des EU-Antidiskriminierungsrechts n\u00e4her beleuchtet.<\/p>\n<p>Zunehmende Angriffe und Ressentiments gegen besonders gef\u00e4hrdeter Gruppen (insbesondere Migranten, Fl\u00fcchtlinge, Angeh\u00f6rige religi\u00f6ser Minderheiten und LGBTI-Personen) haben die Bedeutung von Gleichstellungs- und Antidiskriminierungsfragen deutlich gemacht. Seit der Gr\u00fcndung der Vereinten Nationen sind Gleichheit und Nichtdiskriminierung Grundprinzipien der internationalen Gemeinschaft, wie die UN-Charta und die Allgemeine Erkl\u00e4rung der Menschenrechte zeigen. Die Europ\u00e4ische Menschenrechtskonvention sowie das EU-Recht verbieten Diskriminierung, und die EU basiert praktisch auf den Werten der Gleichheit und Nichtdiskriminierung. Die Charta der Grundrechte der EU enth\u00e4lt den modernsten und umfangreichsten Katalog verbotener Diskriminierungsgr\u00fcnde. Die europ\u00e4ische Integration hat dem Antidiskriminierungsrecht sowohl innerhalb als auch au\u00dferhalb Europas neue Impulse gegeben.<\/p>\n<p>Die Konferenz zielt darauf ab, unser Verst\u00e4ndnis von der Europ\u00e4ischen Union als Projekt mit einem wichtigen Antidiskriminierungsziel zu verbessern. W\u00e4hrend die Konzepte Vielfalt, Pluralismus und Gleichheit der europ\u00e4ischen Integration innewohnen, wird analysiert, wie wirksam die EU bei der Bek\u00e4mpfung von Diskriminierung innerhalb und au\u00dferhalb Europas war.<\/p>\n<p>Au\u00dferdem wird ein multinationaler und interdisziplin\u00e4rer Ansatz verfolgt, indem verschiedene Aspekte des Themas betrachtet und aus verschiedenen intra- und au\u00dfereurop\u00e4ischen Perspektiven beleuchtet werden.<\/p>\n<p>N\u00e4here Informationen finden Sie im <strong><a href=\"https:\/\/jean-monnet-saar.eu\/wp-content\/uploads\/2019\/04\/Programme-Jean-Monnet-Symposium-the-European-Union-as-Protector-and-Promoter-of-Equality.pdf\">PROGRAMM (auf Englisch)<\/a><\/strong><\/p>\n<p>Bei <strong>Interesse an einer Teilnahme<\/strong> wenden Sie sich mit dem ausgef\u00fcllten <a href=\"https:\/\/www.uni-saarland.de\/fileadmin\/user_upload\/Professoren\/fr11_ProfGiegerich\/aktuelles\/Anmeldung_Jean_Monnet_Symposium_-_the_European_Union_as_Protector_and_Promoter_of_Equality.pdf\">Anmeldeformular<\/a> gerne an Ass. iur. Christina Backes, lic. en droit unter backes@europainstitut.de. Sie steht auch f\u00fcr weitere Fragen zur Verf\u00fcgung.<\/p>\n","protected":false},"excerpt":{"rendered":"<p>Der Jean-Monnet-Lehrstuhl f\u00fcr Europ\u00e4ische Integration, Antidiskriminierung, Menschenrechte und Vielfalt organisiert vom 28.-30. M\u00e4rz 2019 ein internationales und interdisziplin\u00e4res Symposium an der Europ\u00e4ischen Akademie Otzenhausen \u00fcber<\/p>\n","protected":false},"author":17,"featured_media":0,"comment_status":"closed","ping_status":"closed","sticky":false,"template":"","format":"aside","meta":{"footnotes":""},"categories":[1],"tags":[370,38,169,408],"class_list":["post-2082","post","type-post","status-publish","format-aside","hentry","category-allgemein","tag-equality","tag-eu","tag-human-rights-protection","tag-symposium","post_format-post-format-aside"],"cc_featured_image_caption":{"caption_text":false,"source_text":false,"source_url":false},"_links":{"self":[{"href":"https:\/\/jean-monnet-saar.eu\/index.php?rest_route=\/wp\/v2\/posts\/2082","targetHints":{"allow":["GET"]}}],"collection":[{"href":"https:\/\/jean-monnet-saar.eu\/index.php?rest_route=\/wp\/v2\/posts"}],"about":[{"href":"https:\/\/jean-monnet-saar.eu\/index.php?rest_route=\/wp\/v2\/types\/post"}],"author":[{"embeddable":true,"href":"https:\/\/jean-monnet-saar.eu\/index.php?rest_route=\/wp\/v2\/users\/17"}],"replies":[{"embeddable":true,"href":"https:\/\/jean-monnet-saar.eu\/index.php?rest_route=%2Fwp%2Fv2%2Fcomments&post=2082"}],"version-history":[{"count":0,"href":"https:\/\/jean-monnet-saar.eu\/index.php?rest_route=\/wp\/v2\/posts\/2082\/revisions"}],"wp:attachment":[{"href":"https:\/\/jean-monnet-saar.eu\/index.php?rest_route=%2Fwp%2Fv2%2Fmedia&parent=2082"}],"wp:term":[{"taxonomy":"category","embeddable":true,"href":"https:\/\/jean-monnet-saar.eu\/index.php?rest_route=%2Fwp%2Fv2%2Fcategories&post=2082"},{"taxonomy":"post_tag","embeddable":true,"href":"https:\/\/jean-monnet-saar.eu\/index.php?rest_route=%2Fwp%2Fv2%2Ftags&post=2082"}],"curies":[{"name":"wp","href":"https:\/\/api.w.org\/{rel}","templated":true}]}}