{"id":2209,"date":"2019-05-26T21:46:06","date_gmt":"2019-05-26T19:46:06","guid":{"rendered":"https:\/\/jean-monnet-saar.eu\/?p=2209"},"modified":"2019-05-26T21:46:06","modified_gmt":"2019-05-26T19:46:06","slug":"beitrag-von-prof-giegerich-in-der-ard-sendung-monitor","status":"publish","type":"post","link":"https:\/\/jean-monnet-saar.eu\/?p=2209","title":{"rendered":"Beitrag von Prof. Giegerich in der ARD-Sendung &#8222;Monitor&#8220;"},"content":{"rendered":"<p>Im Rahmen des Beitrags \u201eHilflos, obdachlos, chancenlos: Das Elend der Fl\u00fcchtlinge in Italien\u201c der ARD-Sendung \u201eMonitor\u201c \u00e4u\u00dferte sich Prof. Giegerich am 23.5.2019 zu den rechtlichen Grenzen einer \u00dcberstellung von Asylbewerbern an einen anderen EU-Mitgliedstaat, der nach der Dublin III-Verordnung (Verordnung [EU] Nr. 604\/2013) f\u00fcr die Pr\u00fcfung ihrer Antr\u00e4ge auf internationalen Schutz eigentlich zust\u00e4ndig ist.<\/p>\n<p>Nach der seit 2011 st\u00e4ndigen Rechtsprechung des Gerichtshofs der EU, die j\u00fcngst im Urteil vom 19.3.2019 (Rs.C-163\/17 \u2013 Jawo gegen Bundesrepublik Deutschland, Rn. 76 ff.) best\u00e4tigt und weiter konkretisiert wurde und sich an der Rechtsprechung des Europ\u00e4ischen Gerichthofs f\u00fcr Menschenrechte orientiert, beruht das Gemeinsame Europ\u00e4ische Asylsystem zwar auf dem Grundsatz des gegenseitigen Vertrauens, dass alle Mitgliedstaaten die Grundrechte beachten. Dabei handelt es sich allerdings um eine widerlegbare Vermutung. Dementsprechend ist eine \u00dcberstellung dann unzul\u00e4ssig, wenn dem Aufenthaltsmitgliedstaat objektive, zuverl\u00e4ssige, genaue und geb\u00fchrend aktualisierte Informationen dar\u00fcber vorliegen, dass Antragsteller im eigentlich zust\u00e4ndigen Mitgliedstaat dem ernsthaften Risiko ausgesetzt w\u00e4ren, eine gegen Art. 4 der EU-Grundrechtecharta und Art. 3 der Europ\u00e4ischen Menschenrechtskonvention versto\u00dfende unmenschliche oder erniedrigende Behandlung zu erleiden. Das ist insbesondere dann der Fall, wenn \u201edie Gleichg\u00fcltigkeit der Beh\u00f6rden eines Mitgliedstaats zur Folge h\u00e4tte, dass eine vollst\u00e4ndig von \u00f6ffentlicher Unterst\u00fctzung abh\u00e4ngige Person sich unabh\u00e4ngig von ihrem Willen und ihren pers\u00f6nlichen Entscheidungen in einer Situation extremer materieller Not bef\u00e4nde, die es ihr nicht erlaubte, ihre elementarsten Bed\u00fcrfnisse zu befriedigen, wie insbesondere sich zu ern\u00e4hren, sich zu waschen und eine Unterkunft zu finden, und die ihre physische oder psychische Gesundheit beeintr\u00e4chtigte oder sie in einen Zustand der Verelendung versetzte, der mit der Menschenw\u00fcrde unvereinbar w\u00e4re \u2026\u201c (Jawo-Urteil, Rn. 92). Unter diesen Umst\u00e4nden w\u00e4re eine \u00dcberstellung durch deutsche Beh\u00f6rden auch mit der Menschenw\u00fcrdegarantie in Art. 1 Abs. 1 GG unvereinbar.<\/p>\n<p>Dass der eigentlich zust\u00e4ndige Mitgliedstaat unter solchen Umst\u00e4nden seine Verpflichtungen aus dem Unionsrecht (z.B. aus der Aufnahme-Richtlinie 2013\/33\/EU vom 26.6.2013 und der EU-Grundrechtecharta) sowie der Europ\u00e4ischen Menschenrechtskonvention seinerseits grob verletzt, liegt auf der Hand. Ebenfalls auf der Hand liegt die Verpflichtung der Kommission als H\u00fcterin des Unionsrechts, ein Vertragsverletzungsverfahren nach Art. 258 AEUV gegen einen solchen Mitgliedstaat einzuleiten. Denn nach Art. 1 der Grundrechtecharta muss auch die Kommission die unantastbare W\u00fcrde des Menschen nicht nur achten, sondern sch\u00fctzen.<\/p>\n<p>Die o.g. Monitor-Sendung ist <a href=\"https:\/\/www1.wdr.de\/daserste\/monitor\/videos\/video-hilflos-obdachlos-chancenlos-das-elend-der-fluechtlinge-in-italien-100.html\">hier<\/a> direkt abrufbar.<\/p>\n<p>&nbsp;<\/p>\n","protected":false},"excerpt":{"rendered":"<p>Im Rahmen des Beitrags \u201eHilflos, obdachlos, chancenlos: Das Elend der Fl\u00fcchtlinge in Italien\u201c der ARD-Sendung \u201eMonitor\u201c \u00e4u\u00dferte sich Prof. Giegerich am 23.5.2019 zu den rechtlichen<\/p>\n","protected":false},"author":17,"featured_media":1633,"comment_status":"closed","ping_status":"closed","sticky":false,"template":"","format":"aside","meta":{"footnotes":""},"categories":[1],"tags":[430,428,123,431,429,121,427],"class_list":["post-2209","post","type-post","status-publish","format-aside","has-post-thumbnail","hentry","category-allgemein","tag-asyl","tag-dublin","tag-fluechtlinge","tag-grundsatz-des-gegenseitigen-vertrauens","tag-italien","tag-menschenwuerde","tag-refugee","post_format-post-format-aside"],"cc_featured_image_caption":{"caption_text":false,"source_text":false,"source_url":false},"_links":{"self":[{"href":"https:\/\/jean-monnet-saar.eu\/index.php?rest_route=\/wp\/v2\/posts\/2209","targetHints":{"allow":["GET"]}}],"collection":[{"href":"https:\/\/jean-monnet-saar.eu\/index.php?rest_route=\/wp\/v2\/posts"}],"about":[{"href":"https:\/\/jean-monnet-saar.eu\/index.php?rest_route=\/wp\/v2\/types\/post"}],"author":[{"embeddable":true,"href":"https:\/\/jean-monnet-saar.eu\/index.php?rest_route=\/wp\/v2\/users\/17"}],"replies":[{"embeddable":true,"href":"https:\/\/jean-monnet-saar.eu\/index.php?rest_route=%2Fwp%2Fv2%2Fcomments&post=2209"}],"version-history":[{"count":0,"href":"https:\/\/jean-monnet-saar.eu\/index.php?rest_route=\/wp\/v2\/posts\/2209\/revisions"}],"wp:featuredmedia":[{"embeddable":true,"href":"https:\/\/jean-monnet-saar.eu\/index.php?rest_route=\/wp\/v2\/media\/1633"}],"wp:attachment":[{"href":"https:\/\/jean-monnet-saar.eu\/index.php?rest_route=%2Fwp%2Fv2%2Fmedia&parent=2209"}],"wp:term":[{"taxonomy":"category","embeddable":true,"href":"https:\/\/jean-monnet-saar.eu\/index.php?rest_route=%2Fwp%2Fv2%2Fcategories&post=2209"},{"taxonomy":"post_tag","embeddable":true,"href":"https:\/\/jean-monnet-saar.eu\/index.php?rest_route=%2Fwp%2Fv2%2Ftags&post=2209"}],"curies":[{"name":"wp","href":"https:\/\/api.w.org\/{rel}","templated":true}]}}