{"id":2216,"date":"2019-06-03T07:39:35","date_gmt":"2019-06-03T05:39:35","guid":{"rendered":"https:\/\/jean-monnet-saar.eu\/?p=2216"},"modified":"2021-01-26T12:48:01","modified_gmt":"2021-01-26T10:48:01","slug":"2216","status":"publish","type":"post","link":"https:\/\/jean-monnet-saar.eu\/?p=2216","title":{"rendered":"Stipendium f\u00fcr European Summer Course vergeben"},"content":{"rendered":"<p>Auch in diesem Jahr konnte der Jean-Monnet-Lehrstuhl von Univ.-Prof. Dr. Thomas Giegerich, LL.M. zum wiederholten Mal zwei Stipendien an herausragende Studierende der Rechtswissenschaft vergeben. Hannah Baier und Karin Distler konnten aufgrund ihrer besonderen Leistungen in der Vorlesung Europarecht und beeindruckenden Lebensl\u00e4ufen \u00fcberzeugen. Das Stipendium deckt die Kosten f\u00fcr die Teilnahme am diesj\u00e4hrigen vom Europa-Institut organisierten European Summer Course, der vom 05. &#8211; 16. August 2019 an der Europ\u00e4ischen Akademie Otzenhausen stattfinden wird. Unter dem Motto \u201e#Future4Europe &#8211; Key settings for a changing European Union\u201c liegt der Schwerpunkt des englischsprachigen Kurses auf fundamentalen Fragen der Europ\u00e4ischen Integration sowie aktuellen Entwicklungen in der EU. Neben Vorlesungen von und Diskussionen mit hochrangigen Experten des Europarechts, der Politikwissenschaft, der Wirtschaftswissenschaft sowie Praktikern werden auch Ausfl\u00fcge nach Stra\u00dfburg<u><\/u><u><\/u>\u00a0und Br\u00fcssel auf dem Programm stehen (n\u00e4here Informationen des Europa-Instituts hierzu unter\u00a0<a href=\"https:\/\/europainstitut.de\/esc\" target=\"_blank\" rel=\"noopener\" data-saferedirecturl=\"https:\/\/www.google.com\/url?q=https:\/\/europainstitut.de\/esc&amp;source=gmail&amp;ust=1559626070604000&amp;usg=AFQjCNGwOCZrmrcw2WK7-uEJneaU666EHg\">https:\/\/europainstitut.<wbr \/>de\/esc<\/a>). Gemeinsam mit weiteren interessierten Studierenden aus aller Welt werden die Stipendiatinnen einen Einblick in das Recht und die Politik der Europ\u00e4ischen Union aus verschiedenen Perspektiven erhalten. Der Lehrstuhl freut sich, das Interesse der Studierenden am Europarecht mit einem Stipendium honorieren zu k\u00f6nnen.<\/p>\n","protected":false},"excerpt":{"rendered":"<p>Auch in diesem Jahr konnte der Jean-Monnet-Lehrstuhl von Univ.-Prof. Dr. Thomas Giegerich, LL.M. zum wiederholten Mal zwei Stipendien an herausragende Studierende der Rechtswissenschaft vergeben. Hannah<\/p>\n","protected":false},"author":17,"featured_media":2219,"comment_status":"closed","ping_status":"closed","sticky":false,"template":"","format":"aside","meta":{"footnotes":""},"categories":[1],"tags":[435,436,437,434],"class_list":["post-2216","post","type-post","status-publish","format-aside","has-post-thumbnail","hentry","category-allgemein","tag-esc","tag-europeansummercourse","tag-future4europe","tag-jean-monnet-stipendium","post_format-post-format-aside"],"cc_featured_image_caption":{"caption_text":false,"source_text":false,"source_url":false},"_links":{"self":[{"href":"https:\/\/jean-monnet-saar.eu\/index.php?rest_route=\/wp\/v2\/posts\/2216","targetHints":{"allow":["GET"]}}],"collection":[{"href":"https:\/\/jean-monnet-saar.eu\/index.php?rest_route=\/wp\/v2\/posts"}],"about":[{"href":"https:\/\/jean-monnet-saar.eu\/index.php?rest_route=\/wp\/v2\/types\/post"}],"author":[{"embeddable":true,"href":"https:\/\/jean-monnet-saar.eu\/index.php?rest_route=\/wp\/v2\/users\/17"}],"replies":[{"embeddable":true,"href":"https:\/\/jean-monnet-saar.eu\/index.php?rest_route=%2Fwp%2Fv2%2Fcomments&post=2216"}],"version-history":[{"count":0,"href":"https:\/\/jean-monnet-saar.eu\/index.php?rest_route=\/wp\/v2\/posts\/2216\/revisions"}],"wp:featuredmedia":[{"embeddable":true,"href":"https:\/\/jean-monnet-saar.eu\/index.php?rest_route=\/wp\/v2\/media\/2219"}],"wp:attachment":[{"href":"https:\/\/jean-monnet-saar.eu\/index.php?rest_route=%2Fwp%2Fv2%2Fmedia&parent=2216"}],"wp:term":[{"taxonomy":"category","embeddable":true,"href":"https:\/\/jean-monnet-saar.eu\/index.php?rest_route=%2Fwp%2Fv2%2Fcategories&post=2216"},{"taxonomy":"post_tag","embeddable":true,"href":"https:\/\/jean-monnet-saar.eu\/index.php?rest_route=%2Fwp%2Fv2%2Ftags&post=2216"}],"curies":[{"name":"wp","href":"https:\/\/api.w.org\/{rel}","templated":true}]}}