{"id":229,"date":"2014-02-11T16:20:30","date_gmt":"2014-02-11T14:20:30","guid":{"rendered":"https:\/\/jean-monnet-saar.eu\/?p=229"},"modified":"2021-01-26T13:06:03","modified_gmt":"2021-01-26T11:06:03","slug":"schulbesuche-des-jean-monnet-lehrstuhls","status":"publish","type":"post","link":"https:\/\/jean-monnet-saar.eu\/?p=229","title":{"rendered":"&#8222;Europa Verstehen&#8220;: Schulbesuche des Jean-Monnet-Lehrstuhls"},"content":{"rendered":"<h2>Vortragsreihe in Saarl\u00e4ndischen Schulen: Jean-Monnet-Lehrstuhl an der Universit\u00e4t des Saarlandes und das Europ\u00e4ische Dokumentationszentrum machen Nachwuchseurop\u00e4er auf ihr demokratisches Stimmrecht aufmerksam<\/h2>\n<p>Im Rahmen einer breit angelegten Vortragsreihe besuchen Prof. Giegerich und sein Team seit Januar 2014 im Rahmen von zw\u00f6lf Veranstaltungen Schulen im gesamten Saarland. Ziel der Aktion ist es, vor dem Hintergrund der diesj\u00e4hrigen Europawahl, welche am 25. Mai 2014 stattfinden wird, auf die Wichtigkeit der Aus\u00fcbung des Wahlrechts aufmerksam zu machen und die jungen Saarl\u00e4nder\/innen f\u00fcr Europa zu sensibilisieren. Erl\u00e4utert werden die Grundlagen der Europ\u00e4ischen Integrationsbewegung, die Funktionen und Kompetenzen des Europ\u00e4ischen Parlaments und aktuelle Themen in der Europ\u00e4ischen Union.<\/p>\n<p>Die Initiative von Prof. Giegerich und seinem Lehrstuhl-Team st\u00f6\u00dft dabei auf reges Interesse bei den jungen Europ\u00e4ern, wie auch j\u00fcngst in mehreren Berichten der Saarbr\u00fccker Zeitung nachzulesen war. Prof. Giegerich nahm dabei den Termin in <a href=\"https:\/\/jean-monnet-saar.eu\/wp-content\/uploads\/2014\/02\/Europa110214.pdf\">Blieskastel (F\u00fcr Bericht hier klicken) <\/a>wahr, w\u00e4hrend Frau Lauer in <a href=\"https:\/\/jean-monnet-saar.eu\/wp-content\/uploads\/2014\/02\/SZ-20140213-CLOK61_5-S19.pdf\">Homburg (F\u00fcr Bericht hier klicken)<\/a> den Vortrag gestaltete und Herr Gstrein in <a href=\"https:\/\/jean-monnet-saar.eu\/wp-content\/uploads\/2014\/02\/vortrag_ottohahn_sm.pdf\">Saarbr\u00fccken (F\u00fcr Bericht hier klicken)<\/a> eingeladen wurde.<\/p>\n<p>Hier eine Liste der gesamten Vortragstermine:<\/p>\n<ul>\n<li>22.01.14: V\u00f6lklingen, Albert-Einstein Gymnasium (Gstrein)<\/li>\n<\/ul>\n<ul>\n<li>23.01.14: V\u00f6lklingen, Albert-Einstein Gymnasium (Giegerich)<\/li>\n<\/ul>\n<ul>\n<li>24.01.14: Blieskastel, Von-der-Leyen Gymnasium (Giegerich)<\/li>\n<\/ul>\n<ul>\n<li>30.01.14: Saarbr\u00fccken, KBBZ Halberg (Gstrein)<\/li>\n<\/ul>\n<ul>\n<li>05.02.14: Saarlouis, TGS-BBZ (Gstrein)<\/li>\n<\/ul>\n<ul>\n<li>05.02.14: Homburg, Christian von Mannlich-Gymnasium (Lauer)<\/li>\n<\/ul>\n<ul>\n<li>06.02.14: Saarlouis, Stadtgarten Gymnasium (Lauer)<\/li>\n<\/ul>\n<ul>\n<li>11.02.14: Lebach, Geschwister-Scholl-Gymnasium (Zeitzmann)<\/li>\n<\/ul>\n<ul>\n<li>14.02.14: St. Ingbert, Willi-Graf-Schule, BBZ St. Ingbert (Trautmann\/Fr\u00f6hlich)<\/li>\n<\/ul>\n<ul>\n<li>17.02.14: Saarbr\u00fccken, Otto-Hahn Gymnasium\u00a0 (Gstrein)<\/li>\n<\/ul>\n<ul>\n<li>11.03.14: Merzig, BBZ Merzig (Trautmann\/Fr\u00f6hlich)<\/li>\n<\/ul>\n<ul>\n<li>14.03.14: Merzig, BBZ Merzig (Trautmann\/Fr\u00f6hlich)<\/li>\n<\/ul>\n<p>Die im Rahmen des Vortrags verwendete Pr\u00e4sentation kann hier angesehen werden:<\/p>\n<p>[prezi id=&#8220;http:\/\/prezi.com\/e8l7umpqjtqh\/?utm_campaign=share&amp;utm_medium=copy&#8220;]<\/p>\n","protected":false},"excerpt":{"rendered":"<p>Vortragsreihe in Saarl\u00e4ndischen Schulen: Jean-Monnet-Lehrstuhl an der Universit\u00e4t des Saarlandes und das Europ\u00e4ische Dokumentationszentrum machen Nachwuchseurop\u00e4er auf ihr demokratisches Stimmrecht aufmerksam Im Rahmen einer breit<\/p>\n","protected":false},"author":16,"featured_media":230,"comment_status":"closed","ping_status":"closed","sticky":false,"template":"","format":"standard","meta":{"footnotes":""},"categories":[1],"tags":[24,23,22,25],"class_list":["post-229","post","type-post","status-publish","format-standard","has-post-thumbnail","hentry","category-allgemein","tag-europawahl-2014","tag-jean-monnet-altivitaet","tag-schule","tag-vortrag"],"cc_featured_image_caption":{"caption_text":false,"source_text":false,"source_url":false},"_links":{"self":[{"href":"https:\/\/jean-monnet-saar.eu\/index.php?rest_route=\/wp\/v2\/posts\/229","targetHints":{"allow":["GET"]}}],"collection":[{"href":"https:\/\/jean-monnet-saar.eu\/index.php?rest_route=\/wp\/v2\/posts"}],"about":[{"href":"https:\/\/jean-monnet-saar.eu\/index.php?rest_route=\/wp\/v2\/types\/post"}],"author":[{"embeddable":true,"href":"https:\/\/jean-monnet-saar.eu\/index.php?rest_route=\/wp\/v2\/users\/16"}],"replies":[{"embeddable":true,"href":"https:\/\/jean-monnet-saar.eu\/index.php?rest_route=%2Fwp%2Fv2%2Fcomments&post=229"}],"version-history":[{"count":0,"href":"https:\/\/jean-monnet-saar.eu\/index.php?rest_route=\/wp\/v2\/posts\/229\/revisions"}],"wp:featuredmedia":[{"embeddable":true,"href":"https:\/\/jean-monnet-saar.eu\/index.php?rest_route=\/wp\/v2\/media\/230"}],"wp:attachment":[{"href":"https:\/\/jean-monnet-saar.eu\/index.php?rest_route=%2Fwp%2Fv2%2Fmedia&parent=229"}],"wp:term":[{"taxonomy":"category","embeddable":true,"href":"https:\/\/jean-monnet-saar.eu\/index.php?rest_route=%2Fwp%2Fv2%2Fcategories&post=229"},{"taxonomy":"post_tag","embeddable":true,"href":"https:\/\/jean-monnet-saar.eu\/index.php?rest_route=%2Fwp%2Fv2%2Ftags&post=229"}],"curies":[{"name":"wp","href":"https:\/\/api.w.org\/{rel}","templated":true}]}}