{"id":2307,"date":"2019-12-03T16:47:12","date_gmt":"2019-12-03T14:47:12","guid":{"rendered":"https:\/\/jean-monnet-saar.eu\/?p=2307"},"modified":"2021-01-26T12:44:02","modified_gmt":"2021-01-26T10:44:02","slug":"besuch-von-schuelerinnen-und-schuelern","status":"publish","type":"post","link":"https:\/\/jean-monnet-saar.eu\/?p=2307","title":{"rendered":"Besuch von Sch\u00fclerinnen und Sch\u00fclern"},"content":{"rendered":"<p><a href=\"https:\/\/jean-monnet-saar.eu\/wp-content\/uploads\/2019\/11\/IMG_5750.jpg\"><img loading=\"lazy\" decoding=\"async\" class=\"alignnone size-medium wp-image-2308\" src=\"https:\/\/jean-monnet-saar.eu\/wp-content\/uploads\/2019\/11\/IMG_5750.jpg\" alt=\"\" width=\"1\" height=\"1\" \/><\/a>Im Rahmen des Erasmus+ Projekts \u201eHeadlines: More than Meets the Eye\u201c des Deutsch-Franz\u00f6sischen Gymnasiums in Saarbr\u00fccken waren letzte Woche Sch\u00fclerinnen und Sch\u00fcler aus Deutschland, Finnland, Frankreich, Griechenland und Spanien bei uns am Jean-Monnet Lehrstuhl von Prof. Dr. Thomas Giegerich, Inhaber des Lehrstuhls f\u00fcr Europarecht, V\u00f6lkerrecht und \u00d6ffentliches Recht, zu Besuch.<\/p>\n<p>Nach einer kurzen Begr\u00fc\u00dfung f\u00fchrte Prof. Dr. Thomas Giegerich die Sch\u00fclerinnen und Sch\u00fcler in die Grundz\u00fcge des Europ\u00e4ischen Grundrechtsschutzes ein. Danach fanden zwei verschiedene Workshops zur Meinungsfreiheit statt. In diesen ging es um aktuelle Probleme rund um Fake News und Hate Speech. Die Ergebnisse aus den beiden Workshops wurden in dann in einer gemeinsamen Abschlussveranstaltung zusammen getragen.<\/p>\n<p><a href=\"https:\/\/jean-monnet-saar.eu\/wp-content\/uploads\/2019\/12\/IMG_5736.jpg\"><img loading=\"lazy\" decoding=\"async\" class=\"alignnone size-medium wp-image-2339\" src=\"https:\/\/jean-monnet-saar.eu\/wp-content\/uploads\/2019\/12\/IMG_5736-300x200.jpg\" alt=\"\" width=\"300\" height=\"200\" srcset=\"https:\/\/jean-monnet-saar.eu\/wp-content\/uploads\/2019\/12\/IMG_5736-300x200.jpg 300w, https:\/\/jean-monnet-saar.eu\/wp-content\/uploads\/2019\/12\/IMG_5736-768x512.jpg 768w, https:\/\/jean-monnet-saar.eu\/wp-content\/uploads\/2019\/12\/IMG_5736-1024x683.jpg 1024w\" sizes=\"auto, (max-width: 300px) 100vw, 300px\" \/><\/a> <a href=\"https:\/\/jean-monnet-saar.eu\/wp-content\/uploads\/2019\/12\/IMG_5743.jpg\"><img loading=\"lazy\" decoding=\"async\" class=\"alignnone size-medium wp-image-2342\" src=\"https:\/\/jean-monnet-saar.eu\/wp-content\/uploads\/2019\/12\/IMG_5743-300x200.jpg\" alt=\"\" width=\"300\" height=\"200\" srcset=\"https:\/\/jean-monnet-saar.eu\/wp-content\/uploads\/2019\/12\/IMG_5743-300x200.jpg 300w, https:\/\/jean-monnet-saar.eu\/wp-content\/uploads\/2019\/12\/IMG_5743-768x512.jpg 768w, https:\/\/jean-monnet-saar.eu\/wp-content\/uploads\/2019\/12\/IMG_5743-1024x683.jpg 1024w\" sizes=\"auto, (max-width: 300px) 100vw, 300px\" \/><\/a> <a href=\"https:\/\/jean-monnet-saar.eu\/wp-content\/uploads\/2019\/12\/IMG_5742-1.jpg\"><img loading=\"lazy\" decoding=\"async\" class=\"alignnone size-medium wp-image-2343\" src=\"https:\/\/jean-monnet-saar.eu\/wp-content\/uploads\/2019\/12\/IMG_5742-1-300x200.jpg\" alt=\"\" width=\"300\" height=\"200\" srcset=\"https:\/\/jean-monnet-saar.eu\/wp-content\/uploads\/2019\/12\/IMG_5742-1-300x200.jpg 300w, https:\/\/jean-monnet-saar.eu\/wp-content\/uploads\/2019\/12\/IMG_5742-1-768x512.jpg 768w, https:\/\/jean-monnet-saar.eu\/wp-content\/uploads\/2019\/12\/IMG_5742-1-1024x683.jpg 1024w\" sizes=\"auto, (max-width: 300px) 100vw, 300px\" \/><\/a> <a href=\"https:\/\/jean-monnet-saar.eu\/wp-content\/uploads\/2019\/11\/IMG_5750.jpg\"><img loading=\"lazy\" decoding=\"async\" class=\"alignnone size-medium wp-image-2308\" src=\"https:\/\/jean-monnet-saar.eu\/wp-content\/uploads\/2019\/11\/IMG_5750.jpg\" alt=\"\" width=\"1\" height=\"1\" \/><\/a><\/p>\n","protected":false},"excerpt":{"rendered":"<p>Im Rahmen des Erasmus+ Projekts \u201eHeadlines: More than Meets the Eye\u201c des Deutsch-Franz\u00f6sischen Gymnasiums in Saarbr\u00fccken waren letzte Woche Sch\u00fclerinnen und Sch\u00fcler aus Deutschland, Finnland,<\/p>\n","protected":false},"author":17,"featured_media":2309,"comment_status":"closed","ping_status":"closed","sticky":false,"template":"","format":"aside","meta":{"footnotes":""},"categories":[1],"tags":[388,91,108,114,462,38,463,422,164],"class_list":["post-2307","post","type-post","status-publish","format-aside","has-post-thumbnail","hentry","category-allgemein","tag-dfg","tag-echr","tag-ecj","tag-ecthr","tag-erasmus","tag-eu","tag-fake-news","tag-freedom-of-expression","tag-hate-speech","post_format-post-format-aside"],"cc_featured_image_caption":{"caption_text":false,"source_text":false,"source_url":false},"_links":{"self":[{"href":"https:\/\/jean-monnet-saar.eu\/index.php?rest_route=\/wp\/v2\/posts\/2307","targetHints":{"allow":["GET"]}}],"collection":[{"href":"https:\/\/jean-monnet-saar.eu\/index.php?rest_route=\/wp\/v2\/posts"}],"about":[{"href":"https:\/\/jean-monnet-saar.eu\/index.php?rest_route=\/wp\/v2\/types\/post"}],"author":[{"embeddable":true,"href":"https:\/\/jean-monnet-saar.eu\/index.php?rest_route=\/wp\/v2\/users\/17"}],"replies":[{"embeddable":true,"href":"https:\/\/jean-monnet-saar.eu\/index.php?rest_route=%2Fwp%2Fv2%2Fcomments&post=2307"}],"version-history":[{"count":0,"href":"https:\/\/jean-monnet-saar.eu\/index.php?rest_route=\/wp\/v2\/posts\/2307\/revisions"}],"wp:featuredmedia":[{"embeddable":true,"href":"https:\/\/jean-monnet-saar.eu\/index.php?rest_route=\/wp\/v2\/media\/2309"}],"wp:attachment":[{"href":"https:\/\/jean-monnet-saar.eu\/index.php?rest_route=%2Fwp%2Fv2%2Fmedia&parent=2307"}],"wp:term":[{"taxonomy":"category","embeddable":true,"href":"https:\/\/jean-monnet-saar.eu\/index.php?rest_route=%2Fwp%2Fv2%2Fcategories&post=2307"},{"taxonomy":"post_tag","embeddable":true,"href":"https:\/\/jean-monnet-saar.eu\/index.php?rest_route=%2Fwp%2Fv2%2Ftags&post=2307"}],"curies":[{"name":"wp","href":"https:\/\/api.w.org\/{rel}","templated":true}]}}