{"id":2355,"date":"2019-12-06T14:56:48","date_gmt":"2019-12-06T12:56:48","guid":{"rendered":"https:\/\/jean-monnet-saar.eu\/?p=2355"},"modified":"2019-12-06T14:56:48","modified_gmt":"2019-12-06T12:56:48","slug":"verstaerkte-zusammenarbeit-im-rahmen-der-fluechtlingspolitik","status":"publish","type":"post","link":"https:\/\/jean-monnet-saar.eu\/?p=2355","title":{"rendered":"Verst\u00e4rkte Zusammenarbeit im Rahmen der Fl\u00fcchtlingspolitik"},"content":{"rendered":"<p>Im gerade erschienen Tagungsband der 2. Tagung junger Europarechtler*Innen \u201e<a href=\"https:\/\/www.jan-sramek-verlag.at\/Buchdetails.397.0.html?buchID=356&amp;cHash=b8ffd56d42\">Autorit\u00e4res vs Liberales Europa<\/a>\u201c ist ein Beitrag von Julia Jungfleisch mit dem Titel: \u201eVerst\u00e4rkte Zusammenarbeit im Rahmen der Fl\u00fcchtlingspolitik &#8211; Ein Ausweg aus der Krise oder die endg\u00fcltige Aufgabe eines einheitlichen Europas?\u201c ver\u00f6ffentlicht worden. Der Beitrag besch\u00e4ftigt sich mit der rechtlichen und tats\u00e4chlichen M\u00f6glichkeit der Einf\u00fchrung verbindlicher Aufnahmequoten f\u00fcr Gefl\u00fcchtete im Rahmen einer Verst\u00e4rkten Zusammenarbeit.<\/p>\n","protected":false},"excerpt":{"rendered":"<p>Im gerade erschienen Tagungsband der 2. Tagung junger Europarechtler*Innen \u201eAutorit\u00e4res vs Liberales Europa\u201c ist ein Beitrag von Julia Jungfleisch mit dem Titel: \u201eVerst\u00e4rkte Zusammenarbeit im<\/p>\n","protected":false},"author":17,"featured_media":0,"comment_status":"closed","ping_status":"closed","sticky":false,"template":"","format":"aside","meta":{"footnotes":""},"categories":[1],"tags":[38,465,47,211],"class_list":["post-2355","post","type-post","status-publish","format-aside","hentry","category-allgemein","tag-eu","tag-fluechtlingspolitik","tag-veroeffentlichung","tag-verstaerkte-zusammenarbeit","post_format-post-format-aside"],"cc_featured_image_caption":{"caption_text":false,"source_text":false,"source_url":false},"_links":{"self":[{"href":"https:\/\/jean-monnet-saar.eu\/index.php?rest_route=\/wp\/v2\/posts\/2355","targetHints":{"allow":["GET"]}}],"collection":[{"href":"https:\/\/jean-monnet-saar.eu\/index.php?rest_route=\/wp\/v2\/posts"}],"about":[{"href":"https:\/\/jean-monnet-saar.eu\/index.php?rest_route=\/wp\/v2\/types\/post"}],"author":[{"embeddable":true,"href":"https:\/\/jean-monnet-saar.eu\/index.php?rest_route=\/wp\/v2\/users\/17"}],"replies":[{"embeddable":true,"href":"https:\/\/jean-monnet-saar.eu\/index.php?rest_route=%2Fwp%2Fv2%2Fcomments&post=2355"}],"version-history":[{"count":0,"href":"https:\/\/jean-monnet-saar.eu\/index.php?rest_route=\/wp\/v2\/posts\/2355\/revisions"}],"wp:attachment":[{"href":"https:\/\/jean-monnet-saar.eu\/index.php?rest_route=%2Fwp%2Fv2%2Fmedia&parent=2355"}],"wp:term":[{"taxonomy":"category","embeddable":true,"href":"https:\/\/jean-monnet-saar.eu\/index.php?rest_route=%2Fwp%2Fv2%2Fcategories&post=2355"},{"taxonomy":"post_tag","embeddable":true,"href":"https:\/\/jean-monnet-saar.eu\/index.php?rest_route=%2Fwp%2Fv2%2Ftags&post=2355"}],"curies":[{"name":"wp","href":"https:\/\/api.w.org\/{rel}","templated":true}]}}