{"id":250377,"date":"2022-12-15T20:19:31","date_gmt":"2022-12-15T19:19:31","guid":{"rendered":"https:\/\/jean-monnet-saar.eu\/?p=250377"},"modified":"2023-11-16T16:04:40","modified_gmt":"2023-11-16T15:04:40","slug":"beitrag-von-prof-dagmar-richter-zu-push-backs-an-den-aussengrenzen-europas","status":"publish","type":"post","link":"https:\/\/jean-monnet-saar.eu\/?p=250377","title":{"rendered":"Beitrag von Prof. Dagmar Richter zu Pushbacks an den Au\u00dfengrenzen Europas"},"content":{"rendered":"\n<p>Prof. Dagmar Richter hat einen Beitrag mit dem Titel <strong>\u201eGrenzschliessungen und <em>Push-Backs<\/em> unter dem Aspekt der Menschenrechte\u201c<\/strong> im <a href=\"https:\/\/www.dike.ch\/breitenmoser-uebersax-hilpold-schenggen-und-dublin-in-der-praxis\">Tagungsband <\/a>von Breitenmoser\/Uebersax\/Hilpold (Hrsg.), &#8222;Schengen und Dublin in der Praxis \u2013 in der EU, in der Schweiz und in einzelnen europ\u00e4ischen Staaten, mit einem Blick auf 70 Jahre Fl\u00fcchtlingskonvention&#8220; (Dike Verlag Z\u00fcrich\/St. Gallen 2023, S. 433-495) ver\u00f6ffentlicht. Ihre <strong>Thesen <\/strong>zu menschenrechtlichen Aspekten dieser Push-Backs an den Au\u00dfengrenzen Europas sind <strong><a href=\"https:\/\/jean-monnet-saar.eu\/?page_id=250354\">hier<\/a> <\/strong>direkt abrufbar.<\/p>\n","protected":false},"excerpt":{"rendered":"<p>Prof. Dagmar Richter hat einen Beitrag mit dem Titel \u201eGrenzschliessungen und Push-Backs unter dem Aspekt der Menschenrechte\u201c im Tagungsband von Breitenmoser\/Uebersax\/Hilpold (Hrsg.), &#8222;Schengen und Dublin<\/p>\n","protected":false},"author":17,"featured_media":1631,"comment_status":"closed","ping_status":"closed","sticky":false,"template":"","format":"standard","meta":{"footnotes":""},"categories":[712,724],"tags":[119,684,681,683,680,188,682],"class_list":["post-250377","post","type-post","status-publish","format-standard","has-post-thumbnail","hentry","category-europaeisches-voelkerrecht","category-globaler-menschenrechtsschutz","tag-egmr","tag-genfer-fluechtlingskonvention","tag-hot-returns","tag-non-refoulement","tag-push-backs-2","tag-schengen","tag-seenotrettung"],"cc_featured_image_caption":{"caption_text":false,"source_text":false,"source_url":false},"_links":{"self":[{"href":"https:\/\/jean-monnet-saar.eu\/index.php?rest_route=\/wp\/v2\/posts\/250377","targetHints":{"allow":["GET"]}}],"collection":[{"href":"https:\/\/jean-monnet-saar.eu\/index.php?rest_route=\/wp\/v2\/posts"}],"about":[{"href":"https:\/\/jean-monnet-saar.eu\/index.php?rest_route=\/wp\/v2\/types\/post"}],"author":[{"embeddable":true,"href":"https:\/\/jean-monnet-saar.eu\/index.php?rest_route=\/wp\/v2\/users\/17"}],"replies":[{"embeddable":true,"href":"https:\/\/jean-monnet-saar.eu\/index.php?rest_route=%2Fwp%2Fv2%2Fcomments&post=250377"}],"version-history":[{"count":0,"href":"https:\/\/jean-monnet-saar.eu\/index.php?rest_route=\/wp\/v2\/posts\/250377\/revisions"}],"wp:featuredmedia":[{"embeddable":true,"href":"https:\/\/jean-monnet-saar.eu\/index.php?rest_route=\/wp\/v2\/media\/1631"}],"wp:attachment":[{"href":"https:\/\/jean-monnet-saar.eu\/index.php?rest_route=%2Fwp%2Fv2%2Fmedia&parent=250377"}],"wp:term":[{"taxonomy":"category","embeddable":true,"href":"https:\/\/jean-monnet-saar.eu\/index.php?rest_route=%2Fwp%2Fv2%2Fcategories&post=250377"},{"taxonomy":"post_tag","embeddable":true,"href":"https:\/\/jean-monnet-saar.eu\/index.php?rest_route=%2Fwp%2Fv2%2Ftags&post=250377"}],"curies":[{"name":"wp","href":"https:\/\/api.w.org\/{rel}","templated":true}]}}