{"id":268165,"date":"2023-07-27T09:57:04","date_gmt":"2023-07-27T08:57:04","guid":{"rendered":"https:\/\/jean-monnet-saar.eu\/?p=268165"},"modified":"2024-01-31T14:04:00","modified_gmt":"2024-01-31T13:04:00","slug":"wir-suchen-verstaerkung","status":"publish","type":"post","link":"https:\/\/jean-monnet-saar.eu\/?p=268165","title":{"rendered":"Wir suchen Verst\u00e4rkung!"},"content":{"rendered":"\n<p>Der Lehrstuhl f\u00fcr Europarecht, V\u00f6lkerrecht und \u00f6ffentliches Recht von Professor Dr. Thomas Giegerich sucht eine*n Managing Editor (m\/w\/d) f\u00fcr den Blog, um das von der DFG gef\u00f6rderte Projekt \u201eOptimierung des Open-Access-Blog \u201eJean-Monnet-Saar\u201c zu betreuen.<\/p>\n\n\n\n<p>Die vollst\u00e4ndige Ausschreibung kann <a href=\"https:\/\/jean-monnet-saar.eu\/wp-content\/uploads\/2023\/07\/Stellenausschreibung-jean-Monnet.pdf\"><strong>hier<\/strong><\/a> abgerufen werden.<\/p>\n\n\n\n<p>Wir freuen uns \u00fcber aussagekr\u00e4ftige Bewerbungen bis zum 01.09.2023!<\/p>\n","protected":false},"excerpt":{"rendered":"<p>Der Lehrstuhl f\u00fcr Europarecht, V\u00f6lkerrecht und \u00f6ffentliches Recht von Professor Dr. Thomas Giegerich sucht eine*n Managing Editor (m\/w\/d) f\u00fcr den Blog, um das von der<\/p>\n","protected":false},"author":16,"featured_media":278831,"comment_status":"closed","ping_status":"closed","sticky":false,"template":"","format":"standard","meta":{"footnotes":""},"categories":[740],"tags":[],"class_list":["post-268165","post","type-post","status-publish","format-standard","has-post-thumbnail","hentry","category-aktuelles"],"cc_featured_image_caption":{"caption_text":false,"source_text":false,"source_url":false},"_links":{"self":[{"href":"https:\/\/jean-monnet-saar.eu\/index.php?rest_route=\/wp\/v2\/posts\/268165","targetHints":{"allow":["GET"]}}],"collection":[{"href":"https:\/\/jean-monnet-saar.eu\/index.php?rest_route=\/wp\/v2\/posts"}],"about":[{"href":"https:\/\/jean-monnet-saar.eu\/index.php?rest_route=\/wp\/v2\/types\/post"}],"author":[{"embeddable":true,"href":"https:\/\/jean-monnet-saar.eu\/index.php?rest_route=\/wp\/v2\/users\/16"}],"replies":[{"embeddable":true,"href":"https:\/\/jean-monnet-saar.eu\/index.php?rest_route=%2Fwp%2Fv2%2Fcomments&post=268165"}],"version-history":[{"count":0,"href":"https:\/\/jean-monnet-saar.eu\/index.php?rest_route=\/wp\/v2\/posts\/268165\/revisions"}],"wp:featuredmedia":[{"embeddable":true,"href":"https:\/\/jean-monnet-saar.eu\/index.php?rest_route=\/wp\/v2\/media\/278831"}],"wp:attachment":[{"href":"https:\/\/jean-monnet-saar.eu\/index.php?rest_route=%2Fwp%2Fv2%2Fmedia&parent=268165"}],"wp:term":[{"taxonomy":"category","embeddable":true,"href":"https:\/\/jean-monnet-saar.eu\/index.php?rest_route=%2Fwp%2Fv2%2Fcategories&post=268165"},{"taxonomy":"post_tag","embeddable":true,"href":"https:\/\/jean-monnet-saar.eu\/index.php?rest_route=%2Fwp%2Fv2%2Ftags&post=268165"}],"curies":[{"name":"wp","href":"https:\/\/api.w.org\/{rel}","templated":true}]}}