{"id":2826,"date":"2020-10-06T13:47:52","date_gmt":"2020-10-06T11:47:52","guid":{"rendered":"https:\/\/jean-monnet-saar.eu\/?p=2826"},"modified":"2021-01-26T11:53:11","modified_gmt":"2021-01-26T09:53:11","slug":"aufschoben-ist-nicht-aufgehoben-der-digitale-europatag-mit-dem-ludwigsgymnasium-in-saarbruecken","status":"publish","type":"post","link":"https:\/\/jean-monnet-saar.eu\/?p=2826","title":{"rendered":"Aufschoben ist nicht aufgehoben: Der (digitale) Europatag mit dem Ludwigsgymnasium in Saarbr\u00fccken"},"content":{"rendered":"<p><strong>Erstmals digitaler Europatag!<\/strong><\/p>\n<p>Aufgrund der Corona-Pandemie mussten wir unseren diesj\u00e4hrigen Europatag, der im Mai stattfinden sollte, leider verschieben. Jetzt ist es soweit: Wir holen den Europatag in digitaler Form in Kooperation mit dem Ludwigsgymnasium in Saarbr\u00fccken nach.<\/p>\n<p>Julia Jungfleisch, Mitarbeiterin des Lehrstuhls, wird f\u00fcr die beiden Politikkurse von Frau Schwer und Herrn M\u00fcller einen Workshop zum Thema \u201eFlucht und Migration nach Europa \u2013 Was macht die Europ\u00e4ische Union?\u201c halten.<br \/>\nAnlass f\u00fcr das Thema ist neben dem Brand im griechischen Fl\u00fcchtlingslager Moria am <span id=\"OBJ_PREFIX_DWT72_com_zimbra_date\" class=\"Object\" role=\"link\"><span id=\"OBJ_PREFIX_DWT74_com_zimbra_date\" class=\"Object\" role=\"link\">8. September<\/span><\/span> 2020, der die Fl\u00fcchtlingsthematik wieder in das \u00f6ffentliche Bewusstsein gerufen hat, die Vorstellung der Reformpl\u00e4ne der Kommission f\u00fcr das Gemeinsame Europ\u00e4ische Asylsystem am <span id=\"OBJ_PREFIX_DWT73_com_zimbra_date\" class=\"Object\" role=\"link\"><span id=\"OBJ_PREFIX_DWT75_com_zimbra_date\" class=\"Object\" role=\"link\">23.09.2020<\/span><\/span>. Der Workshop besch\u00e4ftigt sich sowohl mit den rechtlichen Grundlagen des europ\u00e4ischen Fl\u00fcchtlingsrechts, als auch mit aktuellen F\u00e4llen von EGMR und EuGH um ein Grundverst\u00e4ndnis f\u00fcr die Herausforderungen f\u00fcr und die Anforderungen f\u00fcr die europ\u00e4ische Fl\u00fcchtlingspolitik zu schaffen.<\/p>\n<p>Auch f\u00fcr die Sch\u00fcler*Innen des Deutsch-Franz\u00f6sischen-Gymnasiums wird der Europatag gegen Ende dieses Jahres nachgeholt, genauere Informationen dazu folgen.<\/p>\n","protected":false},"excerpt":{"rendered":"<p>Erstmals digitaler Europatag! Aufgrund der Corona-Pandemie mussten wir unseren diesj\u00e4hrigen Europatag, der im Mai stattfinden sollte, leider verschieben. Jetzt ist es soweit: Wir holen den<\/p>\n","protected":false},"author":16,"featured_media":1141,"comment_status":"closed","ping_status":"closed","sticky":false,"template":"","format":"aside","meta":{"footnotes":""},"categories":[1],"tags":[430,271,432,124,556,549],"class_list":["post-2826","post","type-post","status-publish","format-aside","has-post-thumbnail","hentry","category-allgemein","tag-asyl","tag-europaeische-union","tag-europatag","tag-fluechtlingsrecht","tag-ludwigsgymnasium","tag-moria","post_format-post-format-aside"],"cc_featured_image_caption":{"caption_text":false,"source_text":false,"source_url":false},"_links":{"self":[{"href":"https:\/\/jean-monnet-saar.eu\/index.php?rest_route=\/wp\/v2\/posts\/2826","targetHints":{"allow":["GET"]}}],"collection":[{"href":"https:\/\/jean-monnet-saar.eu\/index.php?rest_route=\/wp\/v2\/posts"}],"about":[{"href":"https:\/\/jean-monnet-saar.eu\/index.php?rest_route=\/wp\/v2\/types\/post"}],"author":[{"embeddable":true,"href":"https:\/\/jean-monnet-saar.eu\/index.php?rest_route=\/wp\/v2\/users\/16"}],"replies":[{"embeddable":true,"href":"https:\/\/jean-monnet-saar.eu\/index.php?rest_route=%2Fwp%2Fv2%2Fcomments&post=2826"}],"version-history":[{"count":0,"href":"https:\/\/jean-monnet-saar.eu\/index.php?rest_route=\/wp\/v2\/posts\/2826\/revisions"}],"wp:featuredmedia":[{"embeddable":true,"href":"https:\/\/jean-monnet-saar.eu\/index.php?rest_route=\/wp\/v2\/media\/1141"}],"wp:attachment":[{"href":"https:\/\/jean-monnet-saar.eu\/index.php?rest_route=%2Fwp%2Fv2%2Fmedia&parent=2826"}],"wp:term":[{"taxonomy":"category","embeddable":true,"href":"https:\/\/jean-monnet-saar.eu\/index.php?rest_route=%2Fwp%2Fv2%2Fcategories&post=2826"},{"taxonomy":"post_tag","embeddable":true,"href":"https:\/\/jean-monnet-saar.eu\/index.php?rest_route=%2Fwp%2Fv2%2Ftags&post=2826"}],"curies":[{"name":"wp","href":"https:\/\/api.w.org\/{rel}","templated":true}]}}