{"id":284608,"date":"2024-01-30T19:29:05","date_gmt":"2024-01-30T18:29:05","guid":{"rendered":"https:\/\/jean-monnet-saar.eu\/?p=284608"},"modified":"2024-01-31T13:58:07","modified_gmt":"2024-01-31T12:58:07","slug":"von-der-freiheitsfackel-zum-suchscheinwerfer-prof-giegerich-ueber-sich-aendernde-perspektiven-auf-migration","status":"publish","type":"post","link":"https:\/\/jean-monnet-saar.eu\/?p=284608","title":{"rendered":"Von der Freiheitsfackel zum Suchscheinwerfer: Prof. Giegerich \u00fcber sich \u00e4ndernde Perspektiven auf Migration"},"content":{"rendered":"\n<p>Zum k\u00fcrzlich erschienenen Band \u201eFronti\u00e8res et migrations en Europe. \u00c9tudes juridique et culturelles dans une perspective franco-allemande\u201c, herausgegeben von C\u00e9cile Chamayou-Kuhn, Constance Chevallier-Govers und Florence Renard, hat Prof. Thomas Giegerich ein Vorwort mit dem Titel \u201eVon der Freiheitsfackel zum Suchscheinwerfer gegen irregul\u00e4re Einwanderung\u201c beigesteuert (S. 11 \u2013 20). Er legt am Beispiel der \u201eFreiheitsstatue\u201c im New Yorker Hafen mit dem ber\u00fchmten Sonett \u201eThe New Colossus\u201c von Emma Lazarus auf ihrem Sockel dar, dass die rechtlichen, historischen, literarischen und k\u00fcnstlerischen Perspektiven auf Migration und Grenzen sich fortlaufend \u00e4ndern. Seine Schlussfolgerung lautet:<\/p>\n\n\n\n<p>\u201eDas vorstehend gezeichnete Bild hinterl\u00e4sst einen zwiesp\u00e4ltigen Eindruck. Wir wissen, dass Freiheit und Gleichheit, Wohlstand und Sicherheit weltweit nach wie vor \u00e4u\u00dferst ungleich verteilt sind und darin die Hauptursache f\u00fcr die Migrationsstr\u00f6me liegt, deren Bew\u00e4ltigung eine globale Herausforderung darstellt. Ebenso wissen wir, dass die Industriestaaten mit ihren \u00fcberalternden Gesellschaften auf Einwanderung angewiesen sind, um ihre Wirtschafts- und Sozialsysteme zu erhalten. Aber auch an dieser Stelle bringen wir Menschen die Kraft und Entschlossenheit zur L\u00f6sung erkannter Probleme nur teilweise auf, weil es uns nicht gelingt, unsere eigenen inneren Grenzen zu \u00fcberwinden. Die Lekt\u00fcre des vorliegenden Buchs soll zum Nachdenken dar\u00fcber anregen.\u201c<\/p>\n","protected":false},"excerpt":{"rendered":"<p>Zum k\u00fcrzlich erschienenen Band \u201eFronti\u00e8res et migrations en Europe. \u00c9tudes juridique et culturelles dans une perspective franco-allemande\u201c, herausgegeben von C\u00e9cile Chamayou-Kuhn, Constance Chevallier-Govers und Florence<\/p>\n","protected":false},"author":18,"featured_media":284617,"comment_status":"open","ping_status":"closed","sticky":false,"template":"","format":"standard","meta":{"footnotes":""},"categories":[740],"tags":[],"class_list":["post-284608","post","type-post","status-publish","format-standard","has-post-thumbnail","hentry","category-aktuelles"],"cc_featured_image_caption":{"caption_text":false,"source_text":false,"source_url":false},"_links":{"self":[{"href":"https:\/\/jean-monnet-saar.eu\/index.php?rest_route=\/wp\/v2\/posts\/284608","targetHints":{"allow":["GET"]}}],"collection":[{"href":"https:\/\/jean-monnet-saar.eu\/index.php?rest_route=\/wp\/v2\/posts"}],"about":[{"href":"https:\/\/jean-monnet-saar.eu\/index.php?rest_route=\/wp\/v2\/types\/post"}],"author":[{"embeddable":true,"href":"https:\/\/jean-monnet-saar.eu\/index.php?rest_route=\/wp\/v2\/users\/18"}],"replies":[{"embeddable":true,"href":"https:\/\/jean-monnet-saar.eu\/index.php?rest_route=%2Fwp%2Fv2%2Fcomments&post=284608"}],"version-history":[{"count":0,"href":"https:\/\/jean-monnet-saar.eu\/index.php?rest_route=\/wp\/v2\/posts\/284608\/revisions"}],"wp:featuredmedia":[{"embeddable":true,"href":"https:\/\/jean-monnet-saar.eu\/index.php?rest_route=\/wp\/v2\/media\/284617"}],"wp:attachment":[{"href":"https:\/\/jean-monnet-saar.eu\/index.php?rest_route=%2Fwp%2Fv2%2Fmedia&parent=284608"}],"wp:term":[{"taxonomy":"category","embeddable":true,"href":"https:\/\/jean-monnet-saar.eu\/index.php?rest_route=%2Fwp%2Fv2%2Fcategories&post=284608"},{"taxonomy":"post_tag","embeddable":true,"href":"https:\/\/jean-monnet-saar.eu\/index.php?rest_route=%2Fwp%2Fv2%2Ftags&post=284608"}],"curies":[{"name":"wp","href":"https:\/\/api.w.org\/{rel}","templated":true}]}}