{"id":2869,"date":"2020-10-26T12:21:11","date_gmt":"2020-10-26T10:21:11","guid":{"rendered":"https:\/\/jean-monnet-saar.eu\/?p=2869"},"modified":"2021-01-26T12:16:38","modified_gmt":"2021-01-26T10:16:38","slug":"eu-vergibt-erasmus-prestigeprojekt-strategische-partnerschaft-an-das-europa-institut","status":"publish","type":"post","link":"https:\/\/jean-monnet-saar.eu\/?p=2869","title":{"rendered":"EU vergibt Erasmus-Prestigeprojekt &#8222;Strategische Partnerschaft&#8220; an das Europa-Institut"},"content":{"rendered":"<p><strong>Die Europ\u00e4ische Union f\u00f6rdert das Projekt \u201eModernising European Legal Education\u201c (MELE) des Europa-Instituts mit rund 450.000\u20ac \u00fcber einen F\u00f6rderzeitraum von 3 Jahren.<\/strong><\/p>\n<div class=\"news-text-wrap\">\n<p>Gemeinsam mit acht weiteren europ\u00e4ischen Partnern, den Universit\u00e4ten von Belgrad (Serbien), Zagreb (Kroatien), Skopje (Nordmazedonien), Cadiz (Spanien), Vilnius (Litauen), Groningen (Niederlande), der Regent\u2019s University London (Vereinigtes K\u00f6nigreich) sowie dem South Eastern European Law School Network, erhielt das Projekt \u201eModernising European Legal Education\u201c von Prof. Dr. Thomas Giegerich, Direktor des Europa-Instituts, die F\u00f6rderzusage der Europ\u00e4ischen Unionf\u00fcr das Projekt \u201eModernising European Legal Education\u201c (MELE). \u201eWir sind sehr erfreut, dass die Auswahlkommission unseren Projektantrag und die dahinterstehende Idee als innovativ und f\u00f6rderf\u00e4hig befunden hat. Gemeinsam mit unseren Partnern sehen wir der spannenden und wichtigen Arbeit in den n\u00e4chsten drei Jahren mit Vorfreude entgegen\u201c, so Prof. Dr. Thomas Giegerich, Leiter des Projekts.<\/p>\n<p>Ziel des Projektes ist es, junge Studierende der Rechtswissenschaft f\u00fcr den europ\u00e4ischen Arbeitsmarkt vorzubereiten und mit dem n\u00f6tigen interdisziplin\u00e4ren und grundlegenden R\u00fcstzeug f\u00fcr eine digitale und vielf\u00e4ltige Zukunft auszustatten.<\/p>\n<p>Wirksame Bildungs- und Berufsausbildungssysteme sind die Eckpfeiler gerechter, offener und demokratischer Gesellschaften sowie von nachhaltigem Wachstum und Besch\u00e4ftigung. In diesem Zusammenhang stellte sich zunehmend die Frage, ob Ausbildung und Lehrmethoden, insbesondere im Bereich der Rechtswissenschaft, noch zeitgem\u00e4\u00df sind, um den Bed\u00fcrfnissen des Berufsstandes gerecht zu werden. \u201eGegenw\u00e4rtig werden die Studierenden in sehr traditionellen Methoden ausgebildet, die sich ausschlie\u00dflich auf die Vermittlung von juristischem Wissen konzentrieren. Dies ist zwar priorit\u00e4re Aufgabe der Universit\u00e4t, aber die Europ\u00e4isierung des Arbeitsmarktes und auch der Wissenschaft sollte nicht aus den Augen verloren werden\u201c, erl\u00e4utert Mareike Fr\u00f6hlich, die Projektkoordinatorin. Daher sind nach Ansicht des Konsortiums zus\u00e4tzliche Kompetenzen und F\u00e4higkeiten erforderlich, um eine hohe Besch\u00e4ftigungsf\u00e4higkeit der Juristinnen und Juristen gew\u00e4hrleisten zu k\u00f6nnen. Die Ver\u00e4nderungen auf dem traditionellen juristischen Arbeitsmarkt, beispielsweise durch die Digitalisierung von Gerichtsverfahren und Globalisierung von F\u00e4llen, erfordern eine \u00dcberpr\u00fcfung der juristischen Ausbildungsans\u00e4tze und Lehrmethoden, um sicherzustellen, dass die Absolventen auf solch neue Entwicklungen vorbereitet sind.<\/p>\n<p>Die Konsortialpartner von MELE beabsichtigen deshalb, die transversalen Kompetenzen und akademischen F\u00e4higkeiten der Studierenden zu verbessern. Dar\u00fcber hinaus soll ein Bewusstsein f\u00fcr Querschnittsthemen wie Genderfragen, European Green Deal und Klimawandel, Digitalisierung und Mehrebenen-Governance in der juristischen Ausbildung geschaffen werden. Zu diesem Zweck werden die Partner gemeinsam einen online-Kurs zum wissenschaftlichen Arbeiten im europ\u00e4ischen Kontext, einen Methodenkoffer f\u00fcr innovative Lehre und Veranstaltungen zu den oben genannten Themen entwickeln.<\/p>\n<p><strong><u>Kontakt:<\/u><\/strong><br \/>\nAss. Iur. Mareike Fr\u00f6hlich, LL.M. &#8211; E-Mail: froehlich@europainstitut.de &#8211; Tel.: \u00a0\u00a0\u00a0 0681 302-6664<\/p>\n<\/div>\n<p>\u00dcber das Projekt berichten auch:<\/p>\n<ul>\n<li><a href=\"https:\/\/www.uni-saarland.de\/universitaet\/aktuell\/artikel\/nr\/22570.html\">Universit\u00e4t des Saarlandes<\/a><\/li>\n<li><a href=\"https:\/\/idw-online.de\/de\/news756981\">idw &#8211; Informationsdienst Wissenschaft<\/a><\/li>\n<li><a href=\"https:\/\/www.abitur-und-studium.de\/Blogs\/Universitaet-des-Saarlandes\/EU-investiert-in-Jura-Ausbildung-der-Zukunft-Erasmus-Prestigeprojekt-geht-an-Europa-Institut\">abitur-und-studium.de<\/a><\/li>\n<\/ul>\n<div class=\"news-related-wrap\"><\/div>\n","protected":false},"excerpt":{"rendered":"<p>Die Europ\u00e4ische Union f\u00f6rdert das Projekt \u201eModernising European Legal Education\u201c (MELE) des Europa-Instituts mit rund 450.000\u20ac \u00fcber einen F\u00f6rderzeitraum von 3 Jahren. Gemeinsam mit acht<\/p>\n","protected":false},"author":16,"featured_media":0,"comment_status":"closed","ping_status":"closed","sticky":false,"template":"","format":"standard","meta":{"footnotes":""},"categories":[1],"tags":[492,38,562,563],"class_list":["post-2869","post","type-post","status-publish","format-standard","hentry","category-allgemein","tag-blog","tag-eu","tag-mele","tag-strategic-partnership"],"cc_featured_image_caption":{"caption_text":false,"source_text":false,"source_url":false},"_links":{"self":[{"href":"https:\/\/jean-monnet-saar.eu\/index.php?rest_route=\/wp\/v2\/posts\/2869","targetHints":{"allow":["GET"]}}],"collection":[{"href":"https:\/\/jean-monnet-saar.eu\/index.php?rest_route=\/wp\/v2\/posts"}],"about":[{"href":"https:\/\/jean-monnet-saar.eu\/index.php?rest_route=\/wp\/v2\/types\/post"}],"author":[{"embeddable":true,"href":"https:\/\/jean-monnet-saar.eu\/index.php?rest_route=\/wp\/v2\/users\/16"}],"replies":[{"embeddable":true,"href":"https:\/\/jean-monnet-saar.eu\/index.php?rest_route=%2Fwp%2Fv2%2Fcomments&post=2869"}],"version-history":[{"count":0,"href":"https:\/\/jean-monnet-saar.eu\/index.php?rest_route=\/wp\/v2\/posts\/2869\/revisions"}],"wp:attachment":[{"href":"https:\/\/jean-monnet-saar.eu\/index.php?rest_route=%2Fwp%2Fv2%2Fmedia&parent=2869"}],"wp:term":[{"taxonomy":"category","embeddable":true,"href":"https:\/\/jean-monnet-saar.eu\/index.php?rest_route=%2Fwp%2Fv2%2Fcategories&post=2869"},{"taxonomy":"post_tag","embeddable":true,"href":"https:\/\/jean-monnet-saar.eu\/index.php?rest_route=%2Fwp%2Fv2%2Ftags&post=2869"}],"curies":[{"name":"wp","href":"https:\/\/api.w.org\/{rel}","templated":true}]}}