{"id":292638,"date":"2024-04-18T17:36:22","date_gmt":"2024-04-18T16:36:22","guid":{"rendered":"https:\/\/jean-monnet-saar.eu\/?p=292638"},"modified":"2024-04-18T18:15:30","modified_gmt":"2024-04-18T17:15:30","slug":"jungfleisch-verein-klimaseniorinnen-schweiz-and-others-v-switzerland-starting-point-for-the-future-climate-protection-in-europejungfleisch","status":"publish","type":"post","link":"https:\/\/jean-monnet-saar.eu\/?p=292638","title":{"rendered":"Jungfleisch: Verein KlimaSeniorinnen Schweiz and Others v. Switzerland \u2013 Starting Point for the Future Climate Protection in Europe"},"content":{"rendered":"\n<p>In the latest <strong><a href=\"https:\/\/jean-monnet-saar.eu\/?page_id=292645\">Saar Brief<\/a><\/strong>, Dr. Julia Jungfleisch, LL.M., examines the much-noticed climate judgment of the European Court of Human Rights (ECtHR) of April 9, 2024, and its significance for the future of climate protection in Europe. The author examines and refutes the main points of criticisms that the ECtHR overstepped its jurisdiction and that the judgment raised false and unrealistic hopes.<\/p>\n\n\n\n<p>***<\/p>\n\n\n\n<p>Im neuesten <strong><a href=\"https:\/\/jean-monnet-saar.eu\/?page_id=292645\">Saar Brief<\/a><\/strong> untersucht Dr. Julia Jungfleisch, LL.M., das viel beachtete Klimaurteil des Europ\u00e4ischen Gerichtshofs f\u00fcr Menschenrechte (EGMR) vom 9. April 2024 und seine Bedeutung f\u00fcr die Zukunft des Klimaschutzes in Europa. Die Autorin geht den Hauptkritikpunkten nach, der EGMR habe seine Jurisdiktionskompetenz \u00fcberschritten und das Urteil wecke falsche, nicht erf\u00fcllbare Hoffnungen, und entkr\u00e4ftet diese.<\/p>\n","protected":false},"excerpt":{"rendered":"<p>In the latest Saar Brief, Dr. Julia Jungfleisch, LL.M., examines the much-noticed climate judgment of the European Court of Human Rights (ECtHR) of April 9,<\/p>\n","protected":false},"author":18,"featured_media":292662,"comment_status":"open","ping_status":"closed","sticky":false,"template":"","format":"standard","meta":{"footnotes":""},"categories":[717,712,741],"tags":[119,696,762,761,84,62],"class_list":["post-292638","post","type-post","status-publish","format-standard","has-post-thumbnail","hentry","category-egmr","category-europaeisches-voelkerrecht","category-klimaschutz","tag-egmr","tag-klimaschutz","tag-klimaseniorinnen","tag-klimaurteil","tag-menschenrechte","tag-urteil"],"cc_featured_image_caption":{"caption_text":"","source_text":"","source_url":""},"_links":{"self":[{"href":"https:\/\/jean-monnet-saar.eu\/index.php?rest_route=\/wp\/v2\/posts\/292638","targetHints":{"allow":["GET"]}}],"collection":[{"href":"https:\/\/jean-monnet-saar.eu\/index.php?rest_route=\/wp\/v2\/posts"}],"about":[{"href":"https:\/\/jean-monnet-saar.eu\/index.php?rest_route=\/wp\/v2\/types\/post"}],"author":[{"embeddable":true,"href":"https:\/\/jean-monnet-saar.eu\/index.php?rest_route=\/wp\/v2\/users\/18"}],"replies":[{"embeddable":true,"href":"https:\/\/jean-monnet-saar.eu\/index.php?rest_route=%2Fwp%2Fv2%2Fcomments&post=292638"}],"version-history":[{"count":0,"href":"https:\/\/jean-monnet-saar.eu\/index.php?rest_route=\/wp\/v2\/posts\/292638\/revisions"}],"wp:featuredmedia":[{"embeddable":true,"href":"https:\/\/jean-monnet-saar.eu\/index.php?rest_route=\/wp\/v2\/media\/292662"}],"wp:attachment":[{"href":"https:\/\/jean-monnet-saar.eu\/index.php?rest_route=%2Fwp%2Fv2%2Fmedia&parent=292638"}],"wp:term":[{"taxonomy":"category","embeddable":true,"href":"https:\/\/jean-monnet-saar.eu\/index.php?rest_route=%2Fwp%2Fv2%2Fcategories&post=292638"},{"taxonomy":"post_tag","embeddable":true,"href":"https:\/\/jean-monnet-saar.eu\/index.php?rest_route=%2Fwp%2Fv2%2Ftags&post=292638"}],"curies":[{"name":"wp","href":"https:\/\/api.w.org\/{rel}","templated":true}]}}