{"id":2941,"date":"2020-11-30T13:33:26","date_gmt":"2020-11-30T11:33:26","guid":{"rendered":"https:\/\/jean-monnet-saar.eu\/?p=2941"},"modified":"2021-01-26T12:03:40","modified_gmt":"2021-01-26T10:03:40","slug":"online-veranstaltungen","status":"publish","type":"post","link":"https:\/\/jean-monnet-saar.eu\/?p=2941","title":{"rendered":"Online-Veranstaltungen"},"content":{"rendered":"<p>In den letzten Wochen hat Prof. Dr. Thomas Giegerich an zwei Online-Veranstaltungen zu zwei verschiedenen Themen teilgenommen. Wir freuen uns dar\u00fcber, dass wir Ihnen nun an dieser Stelle im Nachgang zu diesen Veranstaltungen weitere Informationen dazu zur Verf\u00fcgung stellen zu k\u00f6nnen. Als Novum freuen wir uns, dass wir unser Angebot erweitern k\u00f6nnen und Ihnen einen Mitschnitt der ersten Diskussion\u00a0 zur Rechtsstaatlichkeit in der EU als Podcast zur Verf\u00fcgung stellen k\u00f6nnen.<\/p>\n<p>Diesen sowie weitere Informationen zu der anderen Veranstaltung finden Sie<strong> <a href=\"https:\/\/jean-monnet-saar.eu\/?page_id=2996\">hier<\/a><\/strong>.<\/p>\n","protected":false},"excerpt":{"rendered":"<p>In den letzten Wochen hat Prof. Dr. Thomas Giegerich an zwei Online-Veranstaltungen zu zwei verschiedenen Themen teilgenommen. Wir freuen uns dar\u00fcber, dass wir Ihnen nun<\/p>\n","protected":false},"author":16,"featured_media":1262,"comment_status":"closed","ping_status":"closed","sticky":false,"template":"","format":"aside","meta":{"footnotes":""},"categories":[1],"tags":[492,38,242,575,237],"class_list":["post-2941","post","type-post","status-publish","format-aside","has-post-thumbnail","hentry","category-allgemein","tag-blog","tag-eu","tag-europa","tag-grenzregion","tag-rechtsstaatlichkeit","post_format-post-format-aside"],"cc_featured_image_caption":{"caption_text":false,"source_text":false,"source_url":false},"_links":{"self":[{"href":"https:\/\/jean-monnet-saar.eu\/index.php?rest_route=\/wp\/v2\/posts\/2941","targetHints":{"allow":["GET"]}}],"collection":[{"href":"https:\/\/jean-monnet-saar.eu\/index.php?rest_route=\/wp\/v2\/posts"}],"about":[{"href":"https:\/\/jean-monnet-saar.eu\/index.php?rest_route=\/wp\/v2\/types\/post"}],"author":[{"embeddable":true,"href":"https:\/\/jean-monnet-saar.eu\/index.php?rest_route=\/wp\/v2\/users\/16"}],"replies":[{"embeddable":true,"href":"https:\/\/jean-monnet-saar.eu\/index.php?rest_route=%2Fwp%2Fv2%2Fcomments&post=2941"}],"version-history":[{"count":0,"href":"https:\/\/jean-monnet-saar.eu\/index.php?rest_route=\/wp\/v2\/posts\/2941\/revisions"}],"wp:featuredmedia":[{"embeddable":true,"href":"https:\/\/jean-monnet-saar.eu\/index.php?rest_route=\/wp\/v2\/media\/1262"}],"wp:attachment":[{"href":"https:\/\/jean-monnet-saar.eu\/index.php?rest_route=%2Fwp%2Fv2%2Fmedia&parent=2941"}],"wp:term":[{"taxonomy":"category","embeddable":true,"href":"https:\/\/jean-monnet-saar.eu\/index.php?rest_route=%2Fwp%2Fv2%2Fcategories&post=2941"},{"taxonomy":"post_tag","embeddable":true,"href":"https:\/\/jean-monnet-saar.eu\/index.php?rest_route=%2Fwp%2Fv2%2Ftags&post=2941"}],"curies":[{"name":"wp","href":"https:\/\/api.w.org\/{rel}","templated":true}]}}