{"id":295591,"date":"2024-05-15T17:32:04","date_gmt":"2024-05-15T16:32:04","guid":{"rendered":"https:\/\/jean-monnet-saar.eu\/?p=295591"},"modified":"2024-05-15T17:32:04","modified_gmt":"2024-05-15T16:32:04","slug":"seferian-eu-foreign-fighters-in-the-2022-russo-ukrainian-war-a-glance-into-the-legal-protection-offered-by-international-humanitarian-and-human-rights-law","status":"publish","type":"post","link":"https:\/\/jean-monnet-saar.eu\/?p=295591","title":{"rendered":"Seferian: EU Foreign Fighters in the 2022 Russo-Ukrainian War \u2013 A Glance into the Legal Protection Offered by International Humanitarian and Human Rights Law"},"content":{"rendered":"\n<p>In the latest <strong><a href=\"https:\/\/jean-monnet-saar.eu\/wp-content\/uploads\/2024\/05\/Saar-Blueprint_Elza-Seferian.pdf\">Saar Blueprint<\/a><\/strong>, Elza Seferian examines the legal status of EU foreigners who have been involved as combatants on the Ukrainian side in the Russian war of aggression against Ukraine since 2022. Initially, the author takes a definitional approach to the concept of the EU foreign fighter. Subsequently, she explores the legal protection of EU foreign fighters in the context of the Ukraine conflict, first from the perspective of international humanitarian law and then from the perspective of international human rights law.<\/p>\n\n\n\n<p>***<\/p>\n\n\n\n<p>Im neuesten <strong><a href=\"https:\/\/jean-monnet-saar.eu\/wp-content\/uploads\/2024\/05\/Saar-Blueprint_Elza-Seferian.pdf\">Saar Blueprint<\/a><\/strong> untersucht Elza Seferian die rechtliche Stellung von EU-Ausl\u00e4ndern, die sich an Kampfhandlungen im russischen Angriffskrieg gegen die Ukraine seit dem Jahr 2022 auf der Seite der Ukraine beteiligen. Zun\u00e4chst n\u00e4hert sich die Autorin definitorisch dem Begriff des EU-ausl\u00e4ndischen Kombattanten. Im Anschluss untersucht sie im ersten Schritt aus der Sicht des humanit\u00e4ren V\u00f6lkerrechts und im zweiten Schritt aus der Perspektive des v\u00f6lkerrechtlicher Menschenrechtsschutzstandards den rechtlichen Status von EU-ausl\u00e4ndischen K\u00e4mpfern im Rahmen des Ukraine-Konflikts.<\/p>\n","protected":false},"excerpt":{"rendered":"<p>In the latest Saar Blueprint, Elza Seferian examines the legal status of EU foreigners who have been involved as combatants on the Ukrainian side in<\/p>\n","protected":false},"author":18,"featured_media":295600,"comment_status":"open","ping_status":"closed","sticky":false,"template":"","format":"standard","meta":{"footnotes":""},"categories":[724,720],"tags":[773,157,772,528,84,246,660],"class_list":["post-295591","post","type-post","status-publish","format-standard","has-post-thumbnail","hentry","category-globaler-menschenrechtsschutz","category-voelkerrecht","tag-eu-auslaender","tag-human-rights","tag-humanitaeres-voelkerrrecht","tag-international-humanitarian-law","tag-menschenrechte","tag-ukraine","tag-ukraine-krieg"],"cc_featured_image_caption":{"caption_text":"","source_text":"","source_url":""},"_links":{"self":[{"href":"https:\/\/jean-monnet-saar.eu\/index.php?rest_route=\/wp\/v2\/posts\/295591","targetHints":{"allow":["GET"]}}],"collection":[{"href":"https:\/\/jean-monnet-saar.eu\/index.php?rest_route=\/wp\/v2\/posts"}],"about":[{"href":"https:\/\/jean-monnet-saar.eu\/index.php?rest_route=\/wp\/v2\/types\/post"}],"author":[{"embeddable":true,"href":"https:\/\/jean-monnet-saar.eu\/index.php?rest_route=\/wp\/v2\/users\/18"}],"replies":[{"embeddable":true,"href":"https:\/\/jean-monnet-saar.eu\/index.php?rest_route=%2Fwp%2Fv2%2Fcomments&post=295591"}],"version-history":[{"count":0,"href":"https:\/\/jean-monnet-saar.eu\/index.php?rest_route=\/wp\/v2\/posts\/295591\/revisions"}],"wp:featuredmedia":[{"embeddable":true,"href":"https:\/\/jean-monnet-saar.eu\/index.php?rest_route=\/wp\/v2\/media\/295600"}],"wp:attachment":[{"href":"https:\/\/jean-monnet-saar.eu\/index.php?rest_route=%2Fwp%2Fv2%2Fmedia&parent=295591"}],"wp:term":[{"taxonomy":"category","embeddable":true,"href":"https:\/\/jean-monnet-saar.eu\/index.php?rest_route=%2Fwp%2Fv2%2Fcategories&post=295591"},{"taxonomy":"post_tag","embeddable":true,"href":"https:\/\/jean-monnet-saar.eu\/index.php?rest_route=%2Fwp%2Fv2%2Ftags&post=295591"}],"curies":[{"name":"wp","href":"https:\/\/api.w.org\/{rel}","templated":true}]}}