{"id":2962,"date":"2020-11-23T11:29:00","date_gmt":"2020-11-23T09:29:00","guid":{"rendered":"https:\/\/jean-monnet-saar.eu\/?p=2962"},"modified":"2021-01-26T12:07:00","modified_gmt":"2021-01-26T10:07:00","slug":"giegerich-faktische-auslandsreiseverbote-in-der-pandemie","status":"publish","type":"post","link":"https:\/\/jean-monnet-saar.eu\/?p=2962","title":{"rendered":"Giegerich: Faktische Auslandsreiseverbote in der Pandemie"},"content":{"rendered":"<p>Mit Beschluss vom 20.11.2020 hat das OVG Nordrhein-Westfalen die aktuellen Quarant\u00e4nebestimmungen f\u00fcr Reiser\u00fcckkehrer als unverh\u00e4ltnism\u00e4\u00dfig angesehen und die zugrunde liegende Verordnung vorl\u00e4ufig au\u00dfer Vollzug gesetzt. Prof. Dr. Thomas Giegerich erg\u00e4nzt in unserem neuen Saar Brief diesen Beschluss um eine europarechtliche Perspektive und zeigt auf, auf welche unionsrechtlichen Probleme die Quarant\u00e4neregelungen als faktische Ausreiseverbote sto\u00dfen. Der Saar Brief ist <strong><a href=\"https:\/\/jean-monnet-saar.eu\/?page_id=2956\">hier<\/a><\/strong>\u00a0direkt abrufbar.<\/p>\n","protected":false},"excerpt":{"rendered":"<p>Mit Beschluss vom 20.11.2020 hat das OVG Nordrhein-Westfalen die aktuellen Quarant\u00e4nebestimmungen f\u00fcr Reiser\u00fcckkehrer als unverh\u00e4ltnism\u00e4\u00dfig angesehen und die zugrunde liegende Verordnung vorl\u00e4ufig au\u00dfer Vollzug gesetzt.<\/p>\n","protected":false},"author":16,"featured_media":2106,"comment_status":"closed","ping_status":"closed","sticky":false,"template":"","format":"aside","meta":{"footnotes":""},"categories":[1],"tags":[492,174,578,580,579],"class_list":["post-2962","post","type-post","status-publish","format-aside","has-post-thumbnail","hentry","category-allgemein","tag-blog","tag-europarecht","tag-ovg-nordrhein-westfalen","tag-pandemie","tag-quarantaene","post_format-post-format-aside"],"cc_featured_image_caption":{"caption_text":false,"source_text":false,"source_url":false},"_links":{"self":[{"href":"https:\/\/jean-monnet-saar.eu\/index.php?rest_route=\/wp\/v2\/posts\/2962","targetHints":{"allow":["GET"]}}],"collection":[{"href":"https:\/\/jean-monnet-saar.eu\/index.php?rest_route=\/wp\/v2\/posts"}],"about":[{"href":"https:\/\/jean-monnet-saar.eu\/index.php?rest_route=\/wp\/v2\/types\/post"}],"author":[{"embeddable":true,"href":"https:\/\/jean-monnet-saar.eu\/index.php?rest_route=\/wp\/v2\/users\/16"}],"replies":[{"embeddable":true,"href":"https:\/\/jean-monnet-saar.eu\/index.php?rest_route=%2Fwp%2Fv2%2Fcomments&post=2962"}],"version-history":[{"count":0,"href":"https:\/\/jean-monnet-saar.eu\/index.php?rest_route=\/wp\/v2\/posts\/2962\/revisions"}],"wp:featuredmedia":[{"embeddable":true,"href":"https:\/\/jean-monnet-saar.eu\/index.php?rest_route=\/wp\/v2\/media\/2106"}],"wp:attachment":[{"href":"https:\/\/jean-monnet-saar.eu\/index.php?rest_route=%2Fwp%2Fv2%2Fmedia&parent=2962"}],"wp:term":[{"taxonomy":"category","embeddable":true,"href":"https:\/\/jean-monnet-saar.eu\/index.php?rest_route=%2Fwp%2Fv2%2Fcategories&post=2962"},{"taxonomy":"post_tag","embeddable":true,"href":"https:\/\/jean-monnet-saar.eu\/index.php?rest_route=%2Fwp%2Fv2%2Ftags&post=2962"}],"curies":[{"name":"wp","href":"https:\/\/api.w.org\/{rel}","templated":true}]}}