{"id":2971,"date":"2020-11-29T13:03:36","date_gmt":"2020-11-29T11:03:36","guid":{"rendered":"https:\/\/jean-monnet-saar.eu\/?p=2971"},"modified":"2021-01-26T12:05:42","modified_gmt":"2021-01-26T10:05:42","slug":"1-advent-das-corona-jahr-auf-dem-blog","status":"publish","type":"post","link":"https:\/\/jean-monnet-saar.eu\/?p=2971","title":{"rendered":"1. Advent: Das Corona-Jahr auf dem Blog"},"content":{"rendered":"<p>Die <strong>COVID19-Pandemie<\/strong> machte sich selbstverst\u00e4ndlich auch auf dem Blog (juristisch) bemerkbar: So setzte sich zun\u00e4chst Prof. Dr. Dagmar Richter im April 2020 kritisch mit der neuen Machtf\u00fclle des Bundesgesundheitsministers aufgrund der damaligen \u00c4nderung des \u00a7 5 Absatz 2 Nr. 3 des Infektionsschutzgesetzes auseinander und stellte in ihrem Beitrag die Frage, ob Deutschland mit seinen Neuregelungen ein schlechtes Beispiel f\u00fcr seine europ\u00e4ischen Partner war. <strong><a href=\"https:\/\/jean-monnet-saar.eu\/?page_id=2498\">Dieser Beitrag<\/a> <\/strong>erreichte \u00fcber 12.000 Klicks. Damals ahnte noch niemand, dass manche Demonstranten im Herbst diesen Jahres unter dem Schlagwort &#8222;Erm\u00e4chtigungsgesetz&#8220; unangebrachte Vergleiche mit dem Zusammenbruch der Weimarer Republik anstellen w\u00fcrden.<\/p>\n<p>Annika Blaschke befasste sich in einem weiteren Saar Brief vom April diesen Jahres\u00a0mit m\u00f6glichen Handy-Ortungen aufgrund der Corona-Krise. Anlass hierf\u00fcr waren entsprechende Vorschl\u00e4ge des Bundesgesundheitsministers Spahn. Den Beitrag finden Sie<strong>\u00a0<a href=\"https:\/\/jean-monnet-saar.eu\/?page_id=2539\">hier<\/a><\/strong>.<\/p>\n<p>Sodann betonte Islam Shalik in seinem Saar Blueprint &#8222;<strong><a href=\"https:\/\/jean-monnet-saar.eu\/wp-content\/uploads\/2020\/05\/SHALIK_Solidarity-missing-ingredient-EU.pdf\">Solidarity: the missing ingredient to a successful European integration<\/a>?<\/strong>&#8220; u.a., dass die Corona-Krise eigentlich ein guter Anlass f\u00fcr die Europ\u00e4ische Union gewesen w\u00e4re, der Welt das Potenzial einer solidarischen Wertegemeinschaft im Kampf gegen dieses weltweite Problem zu zeigen.<\/p>\n<p>Dass der europ\u00e4ische Gedanke aufgrund der Pandemie indes massiv gelitten hat, zeigt unter anderem der <strong><a href=\"https:\/\/jean-monnet-saar.eu\/?page_id=2956\">j\u00fcngste Beitrag von Prof. Dr. Thomas Giegerich<\/a><\/strong>, der in einer europarechtlichen Erg\u00e4nzung zum Beschluss des OVG Nordrhein-Westfalen vom 20.11.20 (Az. 13 B 1770\/20.NE) die faktischen Auslandsreiseverbote in der Pandemie kritisierte und auf die\u00a0jetzt schon erhebliche Zahl der unionsrechtswidrigen Einreise- bzw. Ausreiseerschwerungen hinwies.<\/p>\n","protected":false},"excerpt":{"rendered":"<p>Die COVID19-Pandemie machte sich selbstverst\u00e4ndlich auch auf dem Blog (juristisch) bemerkbar: So setzte sich zun\u00e4chst Prof. Dr. Dagmar Richter im April 2020 kritisch mit der<\/p>\n","protected":false},"author":17,"featured_media":2972,"comment_status":"closed","ping_status":"closed","sticky":false,"template":"","format":"aside","meta":{"footnotes":""},"categories":[1],"tags":[492,493,509,174,490,580],"class_list":["post-2971","post","type-post","status-publish","format-aside","has-post-thumbnail","hentry","category-allgemein","tag-blog","tag-corona","tag-covid19","tag-europarecht","tag-infektionsschutzgesetz","tag-pandemie","post_format-post-format-aside"],"cc_featured_image_caption":{"caption_text":false,"source_text":false,"source_url":false},"_links":{"self":[{"href":"https:\/\/jean-monnet-saar.eu\/index.php?rest_route=\/wp\/v2\/posts\/2971","targetHints":{"allow":["GET"]}}],"collection":[{"href":"https:\/\/jean-monnet-saar.eu\/index.php?rest_route=\/wp\/v2\/posts"}],"about":[{"href":"https:\/\/jean-monnet-saar.eu\/index.php?rest_route=\/wp\/v2\/types\/post"}],"author":[{"embeddable":true,"href":"https:\/\/jean-monnet-saar.eu\/index.php?rest_route=\/wp\/v2\/users\/17"}],"replies":[{"embeddable":true,"href":"https:\/\/jean-monnet-saar.eu\/index.php?rest_route=%2Fwp%2Fv2%2Fcomments&post=2971"}],"version-history":[{"count":0,"href":"https:\/\/jean-monnet-saar.eu\/index.php?rest_route=\/wp\/v2\/posts\/2971\/revisions"}],"wp:featuredmedia":[{"embeddable":true,"href":"https:\/\/jean-monnet-saar.eu\/index.php?rest_route=\/wp\/v2\/media\/2972"}],"wp:attachment":[{"href":"https:\/\/jean-monnet-saar.eu\/index.php?rest_route=%2Fwp%2Fv2%2Fmedia&parent=2971"}],"wp:term":[{"taxonomy":"category","embeddable":true,"href":"https:\/\/jean-monnet-saar.eu\/index.php?rest_route=%2Fwp%2Fv2%2Fcategories&post=2971"},{"taxonomy":"post_tag","embeddable":true,"href":"https:\/\/jean-monnet-saar.eu\/index.php?rest_route=%2Fwp%2Fv2%2Ftags&post=2971"}],"curies":[{"name":"wp","href":"https:\/\/api.w.org\/{rel}","templated":true}]}}