{"id":2988,"date":"2020-11-27T15:43:50","date_gmt":"2020-11-27T13:43:50","guid":{"rendered":"https:\/\/jean-monnet-saar.eu\/?p=2988"},"modified":"2021-01-26T12:06:12","modified_gmt":"2021-01-26T10:06:12","slug":"veranstaltung-der-europa-union-deutschland-e-v","status":"publish","type":"post","link":"https:\/\/jean-monnet-saar.eu\/?p=2988","title":{"rendered":"Veranstaltung der Europa-Union Deutschland e.V."},"content":{"rendered":"<p>Die Europa-Union Deutschland e.V. veranstaltet in der n\u00e4chsten Woche in Kooperation mit den Jungen Europ\u00e4ischen F\u00f6deralisten und ihrem europ\u00e4ischen Dachverband, der Union Europ\u00e4ischer F\u00f6deralisten, das Projekt &#8222;Democracy is Europe &#8211; Demokratie und Rechtsstaatlichkeit 30 Jahre nach den friedlichen Revolutionen in Europa&#8220;.<\/p>\n<p>Dabei wird das Thema an drei Abenden von drei Blickwinkeln betrachtet:<\/p>\n<ul>\n<li><strong>Doku-Live (historisch): Geschichte erleben mit Ingo Espenschied<\/strong><\/li>\n<\/ul>\n<p>Deutsche Einheit und das vereinte Europa &#8211; zwei Seiten einer Medaille<\/p>\n<p>Dienstag, 1. Dezember 2020, 18:30 bis 20 Uhr<\/p>\n<ul>\n<li><strong>Training (praktisch): Demokratie verteidigen &#8211; radikal h\u00f6flich!<\/strong><\/li>\n<\/ul>\n<p>Mittwoch, 2. Dezember 2020, 18:00 bis 20 Uhr<\/p>\n<ul>\n<li><strong>B\u00fcrgerdialog (diskursiv): online diskutieren \u00fcber Demokratie in Europa<\/strong><\/li>\n<\/ul>\n<p>&#8222;30 Jahre friedliche Revolutionen in Europa &#8211; Wie halten wir es heute mit Demokratie und Rechtsstaatlichkeit&#8220;<\/p>\n<p>Donnerstag, 3. Dezember 2020, 18:00 bis 19:30 Uhr<\/p>\n<p>Weitere Informationen zu den Veranstaltungen und zur Anmeldung finden Sie <a href=\"https:\/\/www.europa-union.de\/demokratie\">hier<\/a>.<\/p>\n","protected":false},"excerpt":{"rendered":"<p>Die Europa-Union Deutschland e.V. veranstaltet in der n\u00e4chsten Woche in Kooperation mit den Jungen Europ\u00e4ischen F\u00f6deralisten und ihrem europ\u00e4ischen Dachverband, der Union Europ\u00e4ischer F\u00f6deralisten, das<\/p>\n","protected":false},"author":16,"featured_media":2737,"comment_status":"closed","ping_status":"closed","sticky":false,"template":"","format":"aside","meta":{"footnotes":""},"categories":[1],"tags":[492,242,237],"class_list":["post-2988","post","type-post","status-publish","format-aside","has-post-thumbnail","hentry","category-allgemein","tag-blog","tag-europa","tag-rechtsstaatlichkeit","post_format-post-format-aside"],"cc_featured_image_caption":{"caption_text":false,"source_text":false,"source_url":false},"_links":{"self":[{"href":"https:\/\/jean-monnet-saar.eu\/index.php?rest_route=\/wp\/v2\/posts\/2988","targetHints":{"allow":["GET"]}}],"collection":[{"href":"https:\/\/jean-monnet-saar.eu\/index.php?rest_route=\/wp\/v2\/posts"}],"about":[{"href":"https:\/\/jean-monnet-saar.eu\/index.php?rest_route=\/wp\/v2\/types\/post"}],"author":[{"embeddable":true,"href":"https:\/\/jean-monnet-saar.eu\/index.php?rest_route=\/wp\/v2\/users\/16"}],"replies":[{"embeddable":true,"href":"https:\/\/jean-monnet-saar.eu\/index.php?rest_route=%2Fwp%2Fv2%2Fcomments&post=2988"}],"version-history":[{"count":0,"href":"https:\/\/jean-monnet-saar.eu\/index.php?rest_route=\/wp\/v2\/posts\/2988\/revisions"}],"wp:featuredmedia":[{"embeddable":true,"href":"https:\/\/jean-monnet-saar.eu\/index.php?rest_route=\/wp\/v2\/media\/2737"}],"wp:attachment":[{"href":"https:\/\/jean-monnet-saar.eu\/index.php?rest_route=%2Fwp%2Fv2%2Fmedia&parent=2988"}],"wp:term":[{"taxonomy":"category","embeddable":true,"href":"https:\/\/jean-monnet-saar.eu\/index.php?rest_route=%2Fwp%2Fv2%2Fcategories&post=2988"},{"taxonomy":"post_tag","embeddable":true,"href":"https:\/\/jean-monnet-saar.eu\/index.php?rest_route=%2Fwp%2Fv2%2Ftags&post=2988"}],"curies":[{"name":"wp","href":"https:\/\/api.w.org\/{rel}","templated":true}]}}