{"id":306342,"date":"2024-11-27T14:18:28","date_gmt":"2024-11-27T13:18:28","guid":{"rendered":"https:\/\/jean-monnet-saar.eu\/?p=306342"},"modified":"2024-11-27T14:27:39","modified_gmt":"2024-11-27T13:27:39","slug":"newsletter","status":"publish","type":"post","link":"https:\/\/jean-monnet-saar.eu\/?p=306342","title":{"rendered":"Newsletter"},"content":{"rendered":"\n<p><a href=\"https:\/\/jean-monnet-saar.eu\/wp-content\/uploads\/2024\/11\/Newsletter_NOV-24_DE.pdf\">Klicken Sie hier f\u00fcr unseren&nbsp;<strong>Newsletter<\/strong> in PDF.<\/a><\/p>\n\n\n\n<p><a href=\"https:\/\/jean-monnet-saar.eu\/wp-content\/uploads\/2024\/11\/Newsletter_NOV-24_EN.pdf\">Click here to access our&nbsp;<strong>Newsletter<\/strong> in PDF.<\/a><\/p>\n\n\n\n<p>Liebe Leserinnen und Leser,&nbsp;<\/p>\n\n\n\n<p>mit unserem neuen Newsletter m\u00f6chten wir Ihnen einen \u00dcberblick \u00fcber die aktuellen Entwicklungen auf unserem Wissenschaftsblog <a href=\"https:\/\/jean-monnet-saar.eu\/\"><em>Jean&nbsp;Monnet&nbsp;Saar<\/em><\/a> geben. Besonders freuen wir uns, Ihnen unsere neue Kategorie <em>Saar Case Notes<\/em> vorzustellen \u2013 kompakte Analysen aktueller Urteile mit europa- und v\u00f6lkerrechtlichem Bezug. Werfen Sie einen Blick auf spannende Themen und Beitr\u00e4ge auf unserem Blog.<\/p>\n\n\n\n<p><strong>Saar Case Notes \u2013 Unsere neue Beitragskategorie<\/strong><\/p>\n\n\n\n<p>Unser Redaktionsteam hat zuletzt die neue Beitragskategorie der Saar Case Notes ins Leben gerufen!<\/p>\n\n\n\n<p>Hier bieten wir Ihnen pr\u00e4gnante Analysen aktueller Urteile aus dem Europa- und V\u00f6lkerrecht. In maximal 1.250 W\u00f6rtern fassen die Beitr\u00e4ge den Sachverhalt zusammen, analysieren die Kernaussagen und ordnen die Entscheidungen in einen rechtlichen Kontext ein.<\/p>\n\n\n\n<p>Haben Sie Interesse, selbst eine Case Note zu verfassen?<\/p>\n\n\n\n<p>Dann werfen Sie einen Blick auf unseren <a href=\"https:\/\/jean-monnet-saar.eu\/?page_id=306280\">Leitfaden f\u00fcr Saar Case Notes<\/a>, der hilfreiche Tipps und Beispiele bereith\u00e4lt. M\u00f6chten Sie \u00fcber aktuelle Entscheidungen regelm\u00e4\u00dfig informiert werden, um bei Interesse dar\u00fcber eine Case Note zu verfassen? Schreiben Sie uns einfach eine E-Mail: <a href=\"mailto:jeanmonnetsaar@europainstitut.de\">jeanmonnetsaar@europainstitut.de<\/a><\/p>\n\n\n\n<p><strong>Saar Case Notes im \u00dcberblick<\/strong><\/p>\n\n\n\n<p><a href=\"https:\/\/jean-monnet-saar.eu\/?p=302048\"><em>Xenia Astapenka<\/em><\/a> befasst sich mit den Beschl\u00fcssen des BVerfG (2 BvR 557\/19, 2 BvR 141\/22) zu den Verfassungsbeschwerden der niederl\u00e4ndischen Versicherungsgruppe <em>Achmea<\/em>. Das BVerfG erkl\u00e4rte sowohl die Beschwerde gegen die BGH-Entscheidung, einen Schiedsspruch zugunsten von <em>Achmea<\/em> gegen die Slowakei aufzuheben als auch die Beschwerde gegen das Zustimmungsgesetz des Bundestages, mit dem bilaterale Investitionsschutzabkommen beendet werden, f\u00fcr unzul\u00e4ssig.<\/p>\n\n\n\n<p>Die <a href=\"https:\/\/jean-monnet-saar.eu\/?p=302859\">Case Note von <em>Miriam Schmitt<\/em><\/a> widmet sich dem EGMR-Urteil <em>T.V. gegen Spanien<\/em> (Beschwerde-Nr. 22512\/21) und zeigt, dass Staaten nicht nur Ma\u00dfnahmen gegen Menschenhandel ergreifen, sondern auch aktiv Ermittlungen durchf\u00fchren m\u00fcssen. Das Urteil bietet einen Grund mehr f\u00fcr Konventionsstaaten, ihre Verantwortung gegen\u00fcber Betroffenen von Menschenhandel wahrzunehmen.<\/p>\n\n\n\n<p><strong>M\u00f6glichkeiten zum Mitmachen<\/strong><\/p>\n\n\n\n<p>Haben Sie Lust, Teil unseres Teams zu werden?<\/p>\n\n\n\n<p>Wir suchen engagierte Kolleginnen und Kollegen, die sich ehrenamtlich in die Redaktion einbringen m\u00f6chten. Aufgaben umfassen:<\/p>\n\n\n\n<ul class=\"wp-block-list\">\n<li>Gegenlesen von Beitr\u00e4gen (Peer-Review-Verfahren)<\/li>\n\n\n\n<li>Teilnahme an Redaktionssitzungen<\/li>\n\n\n\n<li>Einbringen eigener Ideen<\/li>\n<\/ul>\n\n\n\n<p>Wir suchen:<\/p>\n\n\n\n<ul class=\"wp-block-list\">\n<li>(angehende) Wissenschaftlerinnen und Wissenschaftler, die Interesse am Europa- und V\u00f6lkerrecht mitbringen<\/li>\n\n\n\n<li>Studentinnen und Studenten, die bspw. im Rahmen eines Schwerpunktstudiums das Europarecht erkundet haben<\/li>\n<\/ul>\n\n\n\n<p>Kontaktieren Sie uns unter <a href=\"mailto:jeanmonnetsaar@europainstitut.de\">jeanmonnetsaar@europainstitut.de<\/a> \u2013 wir freuen uns auf Sie!<\/p>\n\n\n\n<p><strong>Fokusthema: Regulierung K\u00fcnstlicher Intelligenz in Europa<\/strong><\/p>\n\n\n\n<p>Eigenst\u00e4ndige Lernprozesse und der Zugang zu wachsenden Datenmengen erm\u00f6glichen es KI-basierten Systemen, sich dynamisch fortzuentwickeln. Kaum vorhersehbare Entwicklungsm\u00f6glichkeiten erfordern ein sensibles Regelungswerk im europ\u00e4ischen Mehrebenensystem. Mit dem sogenannten AI-Act, der ersten Verordnung der Union zur Regulierung K\u00fcnstlicher Intelligenz, wendet sich die Europ\u00e4ische Union der herausfordernden Frage zu, wie im Umgang mit KI-basierten Systemen bestimmte Mindeststandards eingehalten werden k\u00f6nnen.<\/p>\n\n\n\n<p>Im Rahmen unseres Online-Symposiums haben wir uns unter verschiedenen Blickwinkeln der Frage gen\u00e4hert, wie im Umgang mit KI ethische und gesellschaftliche Normen eingehalten werden k\u00f6nnen und das Spannungsverh\u00e4ltnis zwischen technologischer Innovation und individuellen (Abwehr-)Rechten ausgestaltet werden kann.&nbsp; Wie wirkt sich der zunehmende Einsatz von KI auf die Presse- und Medienfreiheit in der EU aus? Welche Bedenken bestehen etwa gegen\u00fcber dem Einsatz von KI in der Polizeiarbeit? Hat der Einzelne das Recht, sich vom allgegenw\u00e4rtigen Einsatz von KI abzukoppeln? Wie kann die sichere Nutzung personenbezogener Daten durch KI-basierte Systeme gew\u00e4hrleistet werden? Und kann die EU mit dem AI-Act, \u00e4hnlich wie mit dem Datenschutzrecht, zu einem globalen Vorbild werden und einen neuen \u201eBr\u00fcssel-Effekt\u201c erzeugen?<\/p>\n\n\n\n<p>Unsere Beitragsreihe:<\/p>\n\n\n\n<ul class=\"wp-block-list\">\n<li><a href=\"https:\/\/jean-monnet-saar.eu\/wp-content\/uploads\/2024\/11\/Saar-Blueprint_Sara-DArcy-Shepherd.pdf\"><em>Sara D\u2019Arcy Shepherd<\/em><\/a>: The global race to regulate Artificial Intelligence \u2013 Can the EU once again be a global standard setter?<\/li>\n\n\n\n<li><a href=\"https:\/\/jean-monnet-saar.eu\/wp-content\/uploads\/2024\/11\/Saar-Blueprint_Meltem-Yildirim.pdf\"><em>Meltem Yildirim<\/em><\/a>: Datenschutz und K\u00fcnstliche Intelligenz \u2013 Die Erhebung von personenbezogenen Daten durch KI-basierte Systeme<\/li>\n\n\n\n<li><a href=\"https:\/\/jean-monnet-saar.eu\/wp-content\/uploads\/2024\/11\/Saar-Blueprint_Mika-Schieffer.pdf\"><em>Mika Schieffer<\/em><\/a>: Generation KI \u2013 Gibt es ein Recht auf Offline sein?<\/li>\n\n\n\n<li><a href=\"https:\/\/jean-monnet-saar.eu\/wp-content\/uploads\/2024\/11\/Saar-Blueprint_Chunhuan-Li.pdf\"><em>Chunhuan Li<\/em><\/a>: Artificial Intelligence and Racial Profiling \u2013 Emerging Challenges for the European Court of Human Rights<\/li>\n\n\n\n<li><a href=\"https:\/\/jean-monnet-saar.eu\/wp-content\/uploads\/2024\/11\/Saar-Blueprint_Carolin-Vormann.pdf\"><em>Carolin Vormann<\/em><\/a>: Press and media freedom threatened by AI?<\/li>\n<\/ul>\n\n\n\n<p><strong>Interessante Analysen und Beitr\u00e4ge auf unserem Blog<\/strong><\/p>\n\n\n\n<p>Das Verbot des Compact-Magazins durch das Bundesinnenministerium im Juli diesen Jahres hat f\u00fcr kontrovers gef\u00fchrte Diskussionen gesorgt. Einen H\u00f6hepunkt erreichte die hitzig gef\u00fchrte Debatte im August, als das Verbot des Compact-Magazins vom BVerwG vorl\u00e4ufig ausgesetzt wurde, bis sich das Gericht im Hauptsacheverfahren n\u00e4her mit der Verbotsverf\u00fcgung besch\u00e4ftigen kann. Erst vor wenigen Tagen fand der Beschluss erneut Erw\u00e4hnung, als das OVG Sachsen-Anhalt entschied, dass die Sparkasse ein Girokonto f\u00fcr das Compact-Magazin er\u00f6ffnen muss. <a href=\"https:\/\/jean-monnet-saar.eu\/?p=299846\"><em>Miriam Schmitt<\/em><\/a> hat sich der Frage gen\u00e4hert, welche Implikationen sich aus der Europ\u00e4ischen Menschenrechtskonvention (EMRK) f\u00fcr das Handeln des Bundesinnenministerium und die Beurteilung durch das BVerwG ergeben. Ma\u00dfstab ihrer Beurteilung ist Art.&nbsp;10 EMRK. Die Autorin stellt zun\u00e4chst dar, warum die EMRK Ma\u00dfstab f\u00fcr beh\u00f6rdliches Handeln und dessen gerichtliche \u00dcberpr\u00fcfung ist. Anschlie\u00dfend wird untersucht, inwieweit die Anforderungen des Art. 10 EMRK beim Verbot von &#8222;Compact&#8220; eingehalten wurden.<\/p>\n\n\n\n<p>Wird der EuGH entgegen einer Vorlagepflicht mitgliedstaatlicher Gerichte gem\u00e4\u00df Art 267 Abs. 3 AEUV nicht angerufen, kann darin zugleich eine Verletzung des Rechts auf den gesetzlichen Richter nach Art. 101 Abs. 1 Satz 3 GG liegen, sofern trotz der Anerkennung der Entscheidungserheblichkeit einer unionsrechtlichen Fragestellung in unhaltbarer Weise von der Vorlage abgesehen wird. <em>Prof. Thomas Giegerich<\/em> erl\u00e4utert in seinem <a href=\"https:\/\/jean-monnet-saar.eu\/?p=300378\">Saar Brief<\/a>, warum das BVerwG im Urteil vom 13. Juni (1 C 2.23)&nbsp;gegen die Vorlagepflicht verst\u00f6\u00dft, indem es das Qualifikationserfordernis zur Zul\u00e4ssigkeitsvoraussetzung einer Fortsetzungsfeststellungsklage machte, mit der unionsrechtlich verankerte subjektive Rechte durchgesetzt werden sollen.<\/p>\n\n\n\n<p>Die Zust\u00e4ndigkeit des EuGH im Bereich der Gemeinsamen Au\u00dfen- und Sicherheitspolitik (GASP) ist prim\u00e4rrechtlich stark eingeschr\u00e4nkt (Art. 24 Abs. 1 a.E. EUV, Art. 275 AEUV). In den verbundenen Rechtssachen C-29\/22 P und C-44\/22 P f\u00fchrte der EuGH jedoch eine wichtige Klarstellung ein: politische und strategische Entscheidungen sollen von seiner Kontrolle ausgenommen bleiben. <a href=\"https:\/\/jean-monnet-saar.eu\/?p=301478\"><em>Annika Blaschke<\/em><\/a> geht dieser <em>Political-Question-Doktrin<\/em> nach und betont, dass es sinnvoll sei, die Zust\u00e4ndigkeit des EuGH in GASP-Angelegenheiten zumindest f\u00fcr nicht-politische oder strategische Entscheidungen zu bejahen. Das Urteil erm\u00f6gliche zwar Schadensersatzklagen bei Grundrechtsverletzungen auch im Bereich der GASP, bleibe aber vage in der Abgrenzung zwischen politischen und administrativen Entscheidungen.<\/p>\n\n\n\n<p><strong>R\u00fcckfragen oder Interesse?<\/strong><\/p>\n\n\n\n<p>F\u00fcr R\u00fcckfragen oder die Einreichung von Beitr\u00e4gen nutzen Sie bitte <a href=\"mailto:jeanmonnetsaar@europainstitut.de\">jeanmonnetsaar@europainstitut.de<\/a>. Wir freuen uns auf Ihre Beitr\u00e4ge und die Bereicherung unseres rechtswissenschaftlichen Diskurses zu europ\u00e4ischen Themen.&nbsp;<\/p>\n\n\n\n<p>Ihr Jean Monnet Saar-Redaktionsteam<\/p>\n\n\n\n<p>***<\/p>\n\n\n\n<p>Dear Readers,<\/p>\n\n\n\n<p>With our new newsletter, we aim to provide an update on recent developments featured on our academic blog (<a href=\"https:\/\/jean-monnet-saar.eu\/\"><em>Jean&nbsp;Monnet&nbsp;Saar<\/em><\/a>). We are particularly excited to introduce our new category<em>, Saar Case Notes<\/em>, which offers concise analyses of recent rulings in European and international law. Explore the interesting topics and contributions on our blog!<\/p>\n\n\n\n<p><strong>Saar Case Notes \u2013 Our New Category<\/strong><\/p>\n\n\n\n<p>Our editorial team is proud to announce the launch of Saar Case Notes!<\/p>\n\n\n\n<p>These compact articles offer precise analyses of recent judgments in European and international law. Each article, limited to 1,250 words, summarizes the case, evaluates its key points, and places the decision within its broader legal context.<\/p>\n\n\n\n<p>&nbsp;Interested in writing a Case Note yourself?<\/p>\n\n\n\n<p>Check out our <a href=\"https:\/\/jean-monnet-saar.eu\/?page_id=306280\">Guideline for Saar Case Notes<\/a> for useful tips and examples.<\/p>\n\n\n\n<p>Would you like to stay updated on recent rulings to potentially write a Case Note? Simply email us at: <a href=\"mailto:jeanmonnetsaar@europainstitut.de\">jeanmonnetsaar@europainstitut.de<\/a><\/p>\n\n\n\n<p><strong>Highlights from Saar Case Notes<\/strong><\/p>\n\n\n\n<p><a href=\"https:\/\/jean-monnet-saar.eu\/?p=302048\"><em>Xenia Astapenka<\/em><\/a><em> <\/em>analyzes recent German Federal Constitutional Court orders (2 BvR 557\/19, 2 BvR 141\/22) regarding complaints by the Dutch insurance group <em>Achmea<\/em>. The court declared inadmissible both <em>Achmea\u2019s<\/em> challenge against the German Federal Court of Justice\u2019s annulment of an arbitral award against Slovakia and the German Bundestag\u2019s approval law terminating bilateral investment treaties.<\/p>\n\n\n\n<p><a href=\"https:\/\/jean-monnet-saar.eu\/?p=302859\"><em>Miriam Schmitt<\/em><\/a> discusses the European Court of Human Rights (ECtHR) case T.V. v. Spain (Application No. 22512\/21), emphasizing states\u2019 obligations to investigate human trafficking actively. This judgment underlines the importance of respecting victims&#8216; rights under the Convention.<\/p>\n\n\n\n<p><strong>Opportunities to Get Involved<\/strong><\/p>\n\n\n\n<p>Want to join our team?<strong><\/strong><\/p>\n\n\n\n<p>We are looking for dedicated colleagues to volunteer in the editorial process, including:<\/p>\n\n\n\n<ul class=\"wp-block-list\">\n<li>Peer-reviewing contributions<\/li>\n\n\n\n<li>Participating in editorial meetings<\/li>\n\n\n\n<li>Bringing in fresh ideas<\/li>\n<\/ul>\n\n\n\n<p>Who we\u2019re looking for:<\/p>\n\n\n\n<ul class=\"wp-block-list\">\n<li>(Aspiring) academics with an interest in European and international law<\/li>\n\n\n\n<li>Students specializing in European law<\/li>\n<\/ul>\n\n\n\n<p>Contact us at <a href=\"mailto:jeanmonnetsaar@europainstitut.de\">jeanmonnetsaar@europainstitut.de<\/a> \u2013 we look forward to hearing from you!<\/p>\n\n\n\n<p><strong>Focus Topic: Regulating Artificial Intelligence in Europe<\/strong><\/p>\n\n\n\n<p>The independent learning processes and growing access to data allow AI-systems to evolve dynamically. These unpredictable developments call for a carefully designed regulatory framework at the European level.<\/p>\n\n\n\n<p>The EU\u2019s AI Act, the first regulation on artificial intelligence at EU-level, addresses the challenge of ensuring minimum standards for AI-systems. Different regulatory approaches bring challenges that impact both European integration and the balance between technological innovation and individual rights.<\/p>\n\n\n\n<p>During our online symposium, we explored key questions, such as: How can the increasing use of AI affect press and media freedom in the EU? What are the concerns about the use of AI in policing? Will individuals have the right to opt out of AI\u2019s pervasive reach? And how can we ensure the safe use of personal data in AI-driven systems? Could the EU become a global role model though the AI Act, similar to its leadership in data protection law, establishing a new \u2018Brussels effect\u2019?<\/p>\n\n\n\n<p>Our Series on AI Regulation:<\/p>\n\n\n\n<ul class=\"wp-block-list\">\n<li><a href=\"https:\/\/jean-monnet-saar.eu\/wp-content\/uploads\/2024\/11\/Saar-Blueprint_Sara-DArcy-Shepherd.pdf\"><em>Sara D\u2019Arcy Shepherd<\/em><\/a>: The global race to regulate Artificial Intelligence \u2013 Can the EU once again be a global standard setter?<\/li>\n\n\n\n<li><a href=\"https:\/\/jean-monnet-saar.eu\/wp-content\/uploads\/2024\/11\/Saar-Blueprint_Meltem-Yildirim.pdf\"><em>Meltem Yildirim<\/em><\/a>: Datenschutz und K\u00fcnstliche Intelligenz \u2013 Die Erhebung von personenbezogenen Daten durch KI-basierte Systeme<\/li>\n\n\n\n<li><a href=\"https:\/\/jean-monnet-saar.eu\/wp-content\/uploads\/2024\/11\/Saar-Blueprint_Mika-Schieffer.pdf\"><em>Mika Schieffer<\/em><\/a>: Generation KI \u2013 Gibt es ein Recht auf Offline sein?<\/li>\n\n\n\n<li><a href=\"https:\/\/jean-monnet-saar.eu\/wp-content\/uploads\/2024\/11\/Saar-Blueprint_Chunhuan-Li.pdf\"><em>Chunhuan Li<\/em><\/a>: Artificial Intelligence and Racial Profiling \u2013 Emerging Challenges for the European Court of Human Rights<\/li>\n\n\n\n<li><a href=\"https:\/\/jean-monnet-saar.eu\/wp-content\/uploads\/2024\/11\/Saar-Blueprint_Carolin-Vormann.pdf\"><em>Carolin Vormann<\/em><\/a>: Press and media freedom threatened by AI?<\/li>\n<\/ul>\n\n\n\n<p><strong>Featured Articles on Our Blog<\/strong><\/p>\n\n\n\n<p>The ban on Compact Magazine by the Federal Ministry of the Interior in July sparked heated debates. The controversy peaked in August when the Federal Administrative Court (BVerwG) temporarily suspended the ban. Last week, the Saxony-Anhalt Higher Administrative Court (OVG) ruled that the Compact Magazine must be allowed to open a bank account. <a href=\"https:\/\/jean-monnet-saar.eu\/?p=299846\"><em>Miriam Schmitt<\/em><\/a> examines the implications of the European Convention on Human Rights (ECHR), focusing on Article 10 (freedom of expression), in this context. Has the German ministry complied with the legal requirements of the norm?<\/p>\n\n\n\n<p>Failure by national courts to refer cases to the European Court of Justice (ECJ) under Article 267(3) TFEU can also breach the right to a lawful judge under the German Grundgesetz. In a <a href=\"https:\/\/jean-monnet-saar.eu\/?p=300378\">Saar Brief<\/a>, Prof. Thomas Giegerich critiques the Federal Administrative Court\u2019s ruling in June this year (1 C 2.23), arguing that it violated referral obligations by imposing restrictive admissibility requirements on judicial actions to enforce individual EU rights.<\/p>\n\n\n\n<p>The ECJ\u2019s limited jurisdiction in the Common Foreign and Security Policy (CFSP) remains controversial. However, in C-29\/22 P and C-44\/22 P, the ECJ clarified that political and strategic decisions are excluded from its review. <a href=\"https:\/\/jean-monnet-saar.eu\/?p=301478\"><em>Annika Blaschke<\/em><\/a> examines the so-called Political-Question-Doctrine, discussing ECJ protection of fundamental rights in non-political CFSP matters.<\/p>\n\n\n\n<p><strong>Questions or Contributions?<\/strong><\/p>\n\n\n\n<p>Please direct any queries or send your submissions to <a href=\"mailto:jeanmonnetsaar@europainstitut.de\">jeanmonnetsaar@europainstitut.de<\/a>. We look forward to your contributions that will enrich our legal discourse on European topics<\/p>\n\n\n\n<p>Your Jean Monnet Saar Editorial Team<strong><\/strong><\/p>\n","protected":false},"excerpt":{"rendered":"<p>Spannende News! Unser Wissenschaftsblog startet mit den Saar Case Notes, die aktuelle Urteile aus Europa- und V\u00f6lkerrecht analysieren! Interessiert, selbst mitzuschreiben? Ein Leitfaden und unser Redaktionsteam unterst\u00fctzen Sie gerne. Im Fokus steht au\u00dferdem die Regulierung K\u00fcnstlicher Intelligenz: In unserem Online-Symposium beleuchten wir ethische, gesellschaftliche und rechtliche Fragen rund um die Regulierung von KI. Unsere Beitr\u00e4ge umfassen kontroverse Entscheidungen wie dem Verbot des Compact-Magazins und der Rolle des EuGH in der Au\u00dfen- und Sicherheitspolitik. Schauen Sie vorbei und werden Sie Teil unseres Diskurses!<\/p>\n","protected":false},"author":18,"featured_media":306406,"comment_status":"open","ping_status":"closed","sticky":false,"template":"","format":"standard","meta":{"footnotes":""},"categories":[740],"tags":[793,174,670,512],"class_list":["post-306342","post","type-post","status-publish","format-standard","has-post-thumbnail","hentry","category-aktuelles","tag-aktuelles","tag-europarecht","tag-european-law","tag-newsletter"],"cc_featured_image_caption":{"caption_text":"","source_text":"","source_url":""},"_links":{"self":[{"href":"https:\/\/jean-monnet-saar.eu\/index.php?rest_route=\/wp\/v2\/posts\/306342","targetHints":{"allow":["GET"]}}],"collection":[{"href":"https:\/\/jean-monnet-saar.eu\/index.php?rest_route=\/wp\/v2\/posts"}],"about":[{"href":"https:\/\/jean-monnet-saar.eu\/index.php?rest_route=\/wp\/v2\/types\/post"}],"author":[{"embeddable":true,"href":"https:\/\/jean-monnet-saar.eu\/index.php?rest_route=\/wp\/v2\/users\/18"}],"replies":[{"embeddable":true,"href":"https:\/\/jean-monnet-saar.eu\/index.php?rest_route=%2Fwp%2Fv2%2Fcomments&post=306342"}],"version-history":[{"count":0,"href":"https:\/\/jean-monnet-saar.eu\/index.php?rest_route=\/wp\/v2\/posts\/306342\/revisions"}],"wp:featuredmedia":[{"embeddable":true,"href":"https:\/\/jean-monnet-saar.eu\/index.php?rest_route=\/wp\/v2\/media\/306406"}],"wp:attachment":[{"href":"https:\/\/jean-monnet-saar.eu\/index.php?rest_route=%2Fwp%2Fv2%2Fmedia&parent=306342"}],"wp:term":[{"taxonomy":"category","embeddable":true,"href":"https:\/\/jean-monnet-saar.eu\/index.php?rest_route=%2Fwp%2Fv2%2Fcategories&post=306342"},{"taxonomy":"post_tag","embeddable":true,"href":"https:\/\/jean-monnet-saar.eu\/index.php?rest_route=%2Fwp%2Fv2%2Ftags&post=306342"}],"curies":[{"name":"wp","href":"https:\/\/api.w.org\/{rel}","templated":true}]}}