{"id":3070,"date":"2020-12-20T13:49:20","date_gmt":"2020-12-20T11:49:20","guid":{"rendered":"https:\/\/jean-monnet-saar.eu\/?p=3070"},"modified":"2021-01-26T14:19:19","modified_gmt":"2021-01-26T12:19:19","slug":"4-advent-aufgeschoben-ist-nicht-aufgehoben","status":"publish","type":"post","link":"https:\/\/jean-monnet-saar.eu\/?p=3070","title":{"rendered":"4. Advent: Aufgeschoben ist nicht aufgehoben"},"content":{"rendered":"<p style=\"text-align: right;\"><img loading=\"lazy\" decoding=\"async\" class=\"alignnone wp-image-2340 size-medium\" src=\"https:\/\/jean-monnet-saar.eu\/wp-content\/uploads\/2019\/12\/IMG_5737-e1611583200562-300x156.jpg\" alt=\"Das Bild zeigt den H\u00f6rsaal des Europa-Instituts. Sch\u00fcler:innen h\u00f6ren einem Vortrag von Prof. Dr. Thomas Giegerich zu.\" width=\"300\" height=\"156\" srcset=\"https:\/\/jean-monnet-saar.eu\/wp-content\/uploads\/2019\/12\/IMG_5737-e1611583200562-300x156.jpg 300w, https:\/\/jean-monnet-saar.eu\/wp-content\/uploads\/2019\/12\/IMG_5737-e1611583200562-768x399.jpg 768w, https:\/\/jean-monnet-saar.eu\/wp-content\/uploads\/2019\/12\/IMG_5737-e1611583200562-1024x532.jpg 1024w, https:\/\/jean-monnet-saar.eu\/wp-content\/uploads\/2019\/12\/IMG_5737-e1611583200562-1536x797.jpg 1536w, https:\/\/jean-monnet-saar.eu\/wp-content\/uploads\/2019\/12\/IMG_5737-e1611583200562-2048x1063.jpg 2048w\" sizes=\"auto, (max-width: 300px) 100vw, 300px\" \/><\/p>\n<p>Seit etlichen Jahren engagiert sich der Jean-Monnet-Lehrstuhl von Prof. Dr. Thomas Giegerich auch in der au\u00dferuniversit\u00e4ren Lehre und hat immer wieder in Kooperation mit Schulen aus dem Saarland europarechtliche Workshops angeboten. Das Highlight ist jedes Jahr der Europatag im Mai, zu dem wir in den letzten Jahren ca. 100 Sch\u00fcler:innen von verschiedenen Schulen an die Universit\u00e4t des Saarlandes eingeladen und ihnen in Workshops diverse Aspekte der Europ\u00e4ischen Union n\u00e4her gebracht haben. Aufgrund der COVID19-Pandemie mussten wir dies im vergangenen Jahr leider absagen. Zu unserer gro\u00dfen Freude konnten wir es aber im Herbst in Kooperation mit zwei Saarbr\u00fccker Gymnasien in digitaler Form nachholen. Die Berichte dazu finden Sie <strong><a href=\"https:\/\/jean-monnet-saar.eu\/?p=2826\">hier<\/a><\/strong> und <a href=\"https:\/\/jean-monnet-saar.eu\/?p=3022\"><strong>hier<\/strong><\/a>.<\/p>\n<p>F\u00fcr dieses Jahr hatten wir dar\u00fcber hinaus noch ein besonderes Highlight vorbereitet, das leider auch ausfallen musste. Prof. Dr. Giegerich wollte im Mai im Rahmen der Kinder-Uni eine Vorlesung zu Kinderrechten halten. Auch dies soll nun in einer etwas anderen Form nachgeholt werden. Dar\u00fcber haben wir ebenfalls <strong><a href=\"https:\/\/jean-monnet-saar.eu\/?p=2924\">hier<\/a><\/strong> auf dem Blog berichtet. So oder so: aufgeschoben ist nicht aufgehoben!<\/p>\n","protected":false},"excerpt":{"rendered":"<p>Seit etlichen Jahren engagiert sich der Jean-Monnet-Lehrstuhl von Prof. Dr. Thomas Giegerich auch in der au\u00dferuniversit\u00e4ren Lehre und hat immer wieder in Kooperation mit Schulen<\/p>\n","protected":false},"author":16,"featured_media":2340,"comment_status":"closed","ping_status":"closed","sticky":false,"template":"","format":"aside","meta":{"footnotes":""},"categories":[1],"tags":[581,601,432,371,600],"class_list":["post-3070","post","type-post","status-publish","format-aside","has-post-thumbnail","hentry","category-allgemein","tag-advent","tag-aufgehoben-ist-nicht-aufgeschoben","tag-europatag","tag-kinderuni","tag-lehre","post_format-post-format-aside"],"cc_featured_image_caption":{"caption_text":false,"source_text":false,"source_url":false},"_links":{"self":[{"href":"https:\/\/jean-monnet-saar.eu\/index.php?rest_route=\/wp\/v2\/posts\/3070","targetHints":{"allow":["GET"]}}],"collection":[{"href":"https:\/\/jean-monnet-saar.eu\/index.php?rest_route=\/wp\/v2\/posts"}],"about":[{"href":"https:\/\/jean-monnet-saar.eu\/index.php?rest_route=\/wp\/v2\/types\/post"}],"author":[{"embeddable":true,"href":"https:\/\/jean-monnet-saar.eu\/index.php?rest_route=\/wp\/v2\/users\/16"}],"replies":[{"embeddable":true,"href":"https:\/\/jean-monnet-saar.eu\/index.php?rest_route=%2Fwp%2Fv2%2Fcomments&post=3070"}],"version-history":[{"count":0,"href":"https:\/\/jean-monnet-saar.eu\/index.php?rest_route=\/wp\/v2\/posts\/3070\/revisions"}],"wp:featuredmedia":[{"embeddable":true,"href":"https:\/\/jean-monnet-saar.eu\/index.php?rest_route=\/wp\/v2\/media\/2340"}],"wp:attachment":[{"href":"https:\/\/jean-monnet-saar.eu\/index.php?rest_route=%2Fwp%2Fv2%2Fmedia&parent=3070"}],"wp:term":[{"taxonomy":"category","embeddable":true,"href":"https:\/\/jean-monnet-saar.eu\/index.php?rest_route=%2Fwp%2Fv2%2Fcategories&post=3070"},{"taxonomy":"post_tag","embeddable":true,"href":"https:\/\/jean-monnet-saar.eu\/index.php?rest_route=%2Fwp%2Fv2%2Ftags&post=3070"}],"curies":[{"name":"wp","href":"https:\/\/api.w.org\/{rel}","templated":true}]}}