{"id":315135,"date":"2025-03-19T16:35:58","date_gmt":"2025-03-19T15:35:58","guid":{"rendered":"https:\/\/jean-monnet-saar.eu\/?p=315135"},"modified":"2025-03-19T16:50:17","modified_gmt":"2025-03-19T15:50:17","slug":"bayvgh-grenzkontrollen-eines-oesterreichischen-staatsangehoerigen-im-juni-2022-sind-rechtswidrig","status":"publish","type":"post","link":"https:\/\/jean-monnet-saar.eu\/?p=315135","title":{"rendered":"BayVGH: Grenzkontrollen eines \u00f6sterreichischen Staatsangeh\u00f6rigen im Juni 2022 sind rechtswidrig"},"content":{"rendered":"\n<p>Vorgestern hat der Bayerische Verwaltungsgerichtshof (BayVGH) als Berufungsinstanz \u00fcber die Rechtm\u00e4\u00dfigkeit einer im Juni 2022 durchgef\u00fchrten Grenzkontrolle im Zug von \u00d6sterreich nach Deutschland entschieden (<a href=\"https:\/\/www.vgh.bayern.de\/mam\/gerichte\/bayvgh\/presse\/pm_-_bayvgh_grenznahe_kontrolle_eines_%C3%B6sterreichischen_staatsangeh%C3%B6rigen_im_sommer_2022_rechtswidrig.pdf\">hier zur Pressemitteilung<\/a>). In erster Instanz hatte das Verwaltungsgericht (VG) M\u00fcnchen die gegen die Grenzkontrolle erhobene Fortsetzungsfeststellungsklage eines \u00d6sterreichers mangels Fortsetzungsfeststellungsinteresses analog \u00a7 113 Abs. 1 Satz 4 VwGO abgewiesen. In einem <em>obiter dictum<\/em> stellte das VG M\u00fcnchen jedoch klar, dass die Grenzkontrolle gegen den Schengener Grenzkodex versto\u00dfen habe.<\/p>\n\n\n\n<p>In einem <strong><a href=\"https:\/\/jean-monnet-saar.eu\/?p=297636\">Saar Brief<\/a><\/strong> vom Juni 2024 legte Prof. Dr. Thomas Giegerich dar, dass Art. 19 Abs. 1 UA 2 EUV und Art. 47 Abs. 1 GRC einer zu restriktiven Auslegung des Fortsetzungsfeststellungsinteresses entgegenstehen, die einen effektiven Rechtsschutz gegen die Verletzung unionsrechtlich gew\u00e4hrleisteter Rechte verhindern k\u00f6nnte. <\/p>\n\n\n\n<p>Es bleibt abzuwarten, ob der BayVGH die Zul\u00e4ssigkeit der Fortsetzungsfeststellungsklage aus unionsrechtlichen Erw\u00e4gungen bejahte. In der Verhandlung wurde er\u00f6rtert, ob die f\u00fcr eine Wiederholungsgefahr erforderliche hinreichende Wahrscheinlichkeit besteht, dass der Kl\u00e4ger erneut unter \u00e4hnlichen Bedingungen kontrolliert werden k\u00f6nnte. Die noch ausstehende Ver\u00f6ffentlichung der schriftlichen Urteilsgr\u00fcnde wird Klarheit dar\u00fcber bringen, wie der BayVGH das Fortsetzungsfeststellungsinteresse begr\u00fcndet hat.<\/p>\n","protected":false},"excerpt":{"rendered":"<p>Der BayVGH entschied \u00fcber die Rechtm\u00e4\u00dfigkeit einer Grenzkontrolle im Sommer 2022, nachdem das VG M\u00fcnchen die Klage mangels Fortsetzungsfeststellungsinteresses abgewiesen hatte. Ob der BayVGH unionsrechtliche Argumente ber\u00fccksichtigte, um die Zul\u00e4ssigkeit der Klage zu begr\u00fcnden, bleibt bis zur Ver\u00f6ffentlichung der Urteilsgr\u00fcnde abzuwarten.<\/p>\n","protected":false},"author":18,"featured_media":315140,"comment_status":"open","ping_status":"closed","sticky":false,"template":"","format":"standard","meta":{"footnotes":""},"categories":[740],"tags":[898,686,899],"class_list":["post-315135","post","type-post","status-publish","format-standard","has-post-thumbnail","hentry","category-aktuelles","tag-bayvgh","tag-grenzkontrollen","tag-vg-muenchen"],"cc_featured_image_caption":{"caption_text":"Bubo, CC BY-SA 3.0 , via Wikimedia Commons","source_text":"","source_url":""},"_links":{"self":[{"href":"https:\/\/jean-monnet-saar.eu\/index.php?rest_route=\/wp\/v2\/posts\/315135","targetHints":{"allow":["GET"]}}],"collection":[{"href":"https:\/\/jean-monnet-saar.eu\/index.php?rest_route=\/wp\/v2\/posts"}],"about":[{"href":"https:\/\/jean-monnet-saar.eu\/index.php?rest_route=\/wp\/v2\/types\/post"}],"author":[{"embeddable":true,"href":"https:\/\/jean-monnet-saar.eu\/index.php?rest_route=\/wp\/v2\/users\/18"}],"replies":[{"embeddable":true,"href":"https:\/\/jean-monnet-saar.eu\/index.php?rest_route=%2Fwp%2Fv2%2Fcomments&post=315135"}],"version-history":[{"count":0,"href":"https:\/\/jean-monnet-saar.eu\/index.php?rest_route=\/wp\/v2\/posts\/315135\/revisions"}],"wp:featuredmedia":[{"embeddable":true,"href":"https:\/\/jean-monnet-saar.eu\/index.php?rest_route=\/wp\/v2\/media\/315140"}],"wp:attachment":[{"href":"https:\/\/jean-monnet-saar.eu\/index.php?rest_route=%2Fwp%2Fv2%2Fmedia&parent=315135"}],"wp:term":[{"taxonomy":"category","embeddable":true,"href":"https:\/\/jean-monnet-saar.eu\/index.php?rest_route=%2Fwp%2Fv2%2Fcategories&post=315135"},{"taxonomy":"post_tag","embeddable":true,"href":"https:\/\/jean-monnet-saar.eu\/index.php?rest_route=%2Fwp%2Fv2%2Ftags&post=315135"}],"curies":[{"name":"wp","href":"https:\/\/api.w.org\/{rel}","templated":true}]}}