{"id":320961,"date":"2025-05-19T12:28:27","date_gmt":"2025-05-19T11:28:27","guid":{"rendered":"https:\/\/jean-monnet-saar.eu\/?p=320961"},"modified":"2025-05-19T12:28:28","modified_gmt":"2025-05-19T11:28:28","slug":"europarechtsfreundlichkeit-verfassungsrechtliche-strategien-der-oeffnung-fuer-die-europaeische-integration-in-deutschland-oesterreich-und-der-schweiz","status":"publish","type":"post","link":"https:\/\/jean-monnet-saar.eu\/?p=320961","title":{"rendered":"Europarechtsfreundlichkeit \u2013 Verfassungsrechtliche Strategien der \u00d6ffnung f\u00fcr die europ\u00e4ische Integration in Deutschland, \u00d6sterreich und der Schweiz"},"content":{"rendered":"\n<p>Auf der von den Universit\u00e4ten Basel und Innsbruck gemeinsam in Z\u00fcrich veranstalteten Tagung \u201eEuroparechtsfreundlichkeit \u2013 Verfassungsrechtliche Strategien der \u00d6ffnung f\u00fcr die europ\u00e4ische Integration in Deutschland, \u00d6sterreich und der Schweiz\u201c machte Prof. Giegerich am 16.5.2025 abschlie\u00dfende Bemerkungen unter dem Titel \u201eEuropafreundlichkeit des GG und des BVerfG im Wandel der Zeiten\u201c. Er schlug erstens vor, die Schl\u00fcsselbegriffe der Europafreundlichkeit (= Europarechtsfreundlichkeit plus engagierter Mitwirkung an Fortentwicklungen der EU und ihres Acquis) und der Integrationsverantwortung in ein koh\u00e4rentes Verh\u00e4ltnis zu bringen. Dazu m\u00fcsse der Integrationsverantwortung der deutschen Verfassungsorgane eine positive Wendung im Sinne ihrer Verantwortung f\u00fcr das Gelingen der europ\u00e4ischen Integration gegeben werden. Dies schlie\u00dfe eine Verantwortung des BVerfG f\u00fcr die europafreundliche Interpretation der Integrationsschranken aus Art. 79 Abs. 3 GG ein. Denn die Einheit einer integrationsfreundlichen Verfassung wie des GG sei nur zu wahren, wenn auch ihr Identit\u00e4tskern nicht nationalstaatlich, sondern europabezogen verstanden werde. Prof. Giegerichs zweiter Vorschlag ging dahin, die Europarechtsfreundlichkeit als Gebot der Rechtsstaatlichkeit anzuerkennen und damit ihrerseits in Art. 79 Abs. 3 GG einzubeziehen. Das erleichtere die Konkordanzbildung mit den anderen Kernelementen des GG wie dem Demokratieprinzip, das in den letzten Jahrzehnten zum Haupthindernis auf dem Weg des Deutschen Volkes in ein vereintes Europa stilisiert worden sei.<\/p>\n\n\n\n<p>Die Beitr\u00e4ge zur Tagung sollen im Beiheft 2\/2026 der Zeitschrift Europarecht ver\u00f6ffentlicht werden.<\/p>\n","protected":false},"excerpt":{"rendered":"<p>Auf der gemeinsamen Tagung der Universit\u00e4ten Basel und Innsbruck in Z\u00fcrich am 16. Mai 2025 betonte Prof. Giegerich die Notwendigkeit, die Begriffe \u201eEuroparechtsfreundlichkeit\u201d und \u201eIntegrationsverantwortung\u201d aufeinander zu beziehen und dabei die Verantwortung deutscher Verfassungsorgane \u2013 einschlie\u00dflich des BVerfG \u2013 positiv auf das Gelingen der europ\u00e4ischen Integration auszurichten. Er schlug vor, die Europarechtsfreundlichkeit als Ausdruck der Rechtsstaatlichkeit in Art. 79 Abs. 3 GG zu verankern.<\/p>\n","protected":false},"author":18,"featured_media":320966,"comment_status":"open","ping_status":"closed","sticky":false,"template":"","format":"standard","meta":{"footnotes":""},"categories":[740],"tags":[174,926,927],"class_list":["post-320961","post","type-post","status-publish","format-standard","has-post-thumbnail","hentry","category-aktuelles","tag-europarecht","tag-europarechtsfreundlichkeit","tag-rechtsstaatlichkeit-art-79-abs-3-gg"],"cc_featured_image_caption":{"caption_text":"","source_text":"","source_url":""},"_links":{"self":[{"href":"https:\/\/jean-monnet-saar.eu\/index.php?rest_route=\/wp\/v2\/posts\/320961","targetHints":{"allow":["GET"]}}],"collection":[{"href":"https:\/\/jean-monnet-saar.eu\/index.php?rest_route=\/wp\/v2\/posts"}],"about":[{"href":"https:\/\/jean-monnet-saar.eu\/index.php?rest_route=\/wp\/v2\/types\/post"}],"author":[{"embeddable":true,"href":"https:\/\/jean-monnet-saar.eu\/index.php?rest_route=\/wp\/v2\/users\/18"}],"replies":[{"embeddable":true,"href":"https:\/\/jean-monnet-saar.eu\/index.php?rest_route=%2Fwp%2Fv2%2Fcomments&post=320961"}],"version-history":[{"count":0,"href":"https:\/\/jean-monnet-saar.eu\/index.php?rest_route=\/wp\/v2\/posts\/320961\/revisions"}],"wp:featuredmedia":[{"embeddable":true,"href":"https:\/\/jean-monnet-saar.eu\/index.php?rest_route=\/wp\/v2\/media\/320966"}],"wp:attachment":[{"href":"https:\/\/jean-monnet-saar.eu\/index.php?rest_route=%2Fwp%2Fv2%2Fmedia&parent=320961"}],"wp:term":[{"taxonomy":"category","embeddable":true,"href":"https:\/\/jean-monnet-saar.eu\/index.php?rest_route=%2Fwp%2Fv2%2Fcategories&post=320961"},{"taxonomy":"post_tag","embeddable":true,"href":"https:\/\/jean-monnet-saar.eu\/index.php?rest_route=%2Fwp%2Fv2%2Ftags&post=320961"}],"curies":[{"name":"wp","href":"https:\/\/api.w.org\/{rel}","templated":true}]}}