{"id":381,"date":"2014-05-13T11:34:48","date_gmt":"2014-05-13T09:34:48","guid":{"rendered":"https:\/\/jean-monnet-saar.eu\/?p=381"},"modified":"2021-01-26T12:58:28","modified_gmt":"2021-01-26T10:58:28","slug":"eugh-stuetzt-recht-auf-vergessenwerden","status":"publish","type":"post","link":"https:\/\/jean-monnet-saar.eu\/?p=381","title":{"rendered":"EuGH st\u00fctzt &#8222;Recht auf Vergessenwerden&#8220;"},"content":{"rendered":"<h2>Der Gerichtshof f\u00fchrt seine neue Linie eines verst\u00e4rkten Grundrechtsschutzes aufgrund der Grundrechtecharta der Europ\u00e4ischen Union fort<\/h2>\n<p>Am 13.05.2014 f\u00e4llte der Europ\u00e4ische Gerichtshof zu Luxemburg sein lange erwartetes Urteil in der <a href=\"http:\/\/curia.europa.eu\/juris\/documents.jsf?num=C-131\/12\" target=\"_blank\" rel=\"noopener\">Rechtssache C-131\/12, Google Spanien und Goolge<\/a>. Ausgangspunkt war ein Verfahren in Spanien, in dem eine Person die L\u00f6schung bzw. Unkenntlichmachung ihres Namens im Zusammenhang mit einer Berichterstattung \u00fcber eine Zwangsversteigerung erreichen wollte. Von dieser wurde durch eine \u00fcberregionale katalanische Zeitung innerhalb des durch nationale Gesetze vorgegebenen Rahmens berichtet.<\/p>\n<p>Nachdem Jahre sp\u00e4ter diese Information durch den Verleger auch online \u00f6ffentlich zug\u00e4nglich gemacht wurde, erschien die Meldung \u00fcber die abgeschlossene Zwangsversteigerung auch im Rahmen der Suche bei Suchmaschinen wie Google. Da die betroffene Person der Meinung war, die Sache sei abgeschlossen und habe keine Relevanz mehr f\u00fcr die Gegenwart, wollte sie zun\u00e4chst vom Herausgeber der Zeitung verlangen, die Information auf seiner Seite zu l\u00f6schen bzw. den Namen der Person unkenntlich zu machen. Der Herausgeber verwies allerdings auf seine gesetzliche Verpflichtung zur Publikation, welche auch von den Beh\u00f6rden best\u00e4tigt wurde.<\/p>\n<p>Zudem wandte sich die Person an Google Spanien und wollte erreichen, dass wenigstens bei einer Suche unter Verwendung des Namens der betroffenen Person die Meldung nicht mehr erscheinen w\u00fcrde. Nachdem Google in Spanien dieser Forderung zun\u00e4chst nicht nachkommen wollte, wurde ein Rechtsverfahren eingeleitet, in welchem die zust\u00e4ndige spanische Agencia Espa\u00f1ola de Protecci\u00f3n de Datos (AEPD) der betreffenden Person zustimmte und Google zu einer Entfernung des Suchergebnisses verpflichten wollte. Gegen diese Entscheidung klagten Google Spain und Google Inc. bei dem spanischen H\u00f6chstgericht (Audiencia Nacional), welches schlie\u00dflich im Rahmen eines Vorabentscheidungsverfahrens nach Art. 264 AEUV die Sache in Luxemburg vorlegte. Strittig ist die Auslegung der <a href=\"http:\/\/eur-lex.europa.eu\/legal-content\/DE\/TXT\/?qid=1399972003812&amp;uri=CELEX:01995L0046-20031120\" target=\"_blank\" rel=\"noopener\">Datenschutzrichtlinie 95\/46\/EG<\/a>.<\/p>\n<p>Nachdem sich der Generalanwalt in seinen <a href=\"http:\/\/curia.europa.eu\/juris\/document\/document.jsf;jsessionid=9ea7d0f130d5d4248348896b4ac4babfbe2c196017c4.e34KaxiLc3eQc40LaxqMbN4OaNmNe0?text=&amp;docid=138782&amp;pageIndex=0&amp;doclang=DE&amp;mode=req&amp;dir=&amp;occ=first&amp;part=1&amp;cid=245346\" target=\"_blank\" rel=\"noopener\">Schlu\u00dfantr\u00e4gen vom 25.03.2013<\/a> gegen eine Verpflichtung zur L\u00f6schung durch Google ausgesprochen hatte, obwohl er das Argument der spanischen Niederlassung von Google nicht gelten lassen wollte, dass diese Tochtergesellschaft nichts mit dem Betreiben der Suchmaschine zu tun habe, sondern nur mit dem Verkauf von Werbung, sah der Gerichtshof zus\u00e4tzlich eine Verletzung von Artikel 7 (<span id=\"pagePrincipale\">Achtung des Privatlebens<\/span>) und 8 (Schutz personenbezogener Daten) der Grundrechtecharta der Europ\u00e4ischen Union:<\/p>\n<blockquote><p><span id=\"pagePrincipale\">Da die betroffene Person in Anbetracht ihrer Grundrechte aus den Art.\u00a07 und 8 der Charta verlangen kann, dass die betreffende Information der breiten \u00d6ffentlichkeit nicht mehr durch Einbeziehung in eine derartige Ergebnisliste zur Verf\u00fcgung gestellt wird, \u00fcberwiegen diese Rechte grunds\u00e4tzlich nicht nur gegen\u00fcber dem wirtschaftlichen Interesse des Suchmaschinenbetreibers, sondern auch gegen\u00fcber dem Interesse der breiten \u00d6ffentlichkeit am Zugang zu der Information bei einer anhand des Namens der betroffenen Person durchgef\u00fchrten Suche.<\/span><\/p><\/blockquote>\n<p>Der Gerichtshof schr\u00e4nkt aber auch ein und befindet:<\/p>\n<blockquote><p><span id=\"pagePrincipale\">Dies w\u00e4re jedoch nicht der Fall, wenn sich aus besonderen Gr\u00fcnden \u2013 wie der Rolle der betreffenden Person im \u00f6ffentlichen Leben \u2013 ergeben sollte, dass der Eingriff in die Grundrechte dieser Person durch das \u00fcberwiegende Interesse der breiten \u00d6ffentlichkeit daran, \u00fcber die Einbeziehung in eine derartige Ergebnisliste Zugang zu der betreffenden Information zu haben, gerechtfertigt ist.<\/span><\/p><\/blockquote>\n<p>Damit m\u00fcssen Suchmaschinenbetreiber wie Google daf\u00fcr in Zukunft Sorge tragen, dass Informationen \u00fcber Personen aus ihren Datenbanken gel\u00f6scht werden, wenn deren Verbreitung nicht mehr im Interesse der breiten \u00d6ffentlichkeit ist. Dies selbst dann, wenn urspr\u00fcnglich dieses Interesse bestanden hat, aber im Laufe der Zeit verblasst oder verschwunden ist. Diese Konzeption kommt einem &#8222;Recht auf Vergessenwerden&#8220; sehr nahe.<\/p>\n<p>Das Urteil d\u00fcrfte auch seinen Niederschlag rund um die Diskussion um eine <a href=\"http:\/\/ec.europa.eu\/justice\/newsroom\/data-protection\/news\/120125_en.htm\" target=\"_blank\" rel=\"noopener\">Neugestaltung des Datenschutzes in der Europ\u00e4ischen Union<\/a> finden. In dieser Hinsicht unterstreicht es die Stellung des EuGH als &#8222;Motor der Integration&#8220;.<\/p>\n<p>Aus Sicht des Grundrechtsschutzes kann auch eine Verbindung zum erst k\u00fcrzlich gef\u00e4llten Urteil zur <a title=\"EuGH best\u00e4tigt Grundrechtsversto\u00df von Vorratsdatenspeicherungsrichtlinie\" href=\"https:\/\/jean-monnet-saar.eu\/?p=314\" target=\"_blank\" rel=\"noopener\">Nichtigerkl\u00e4rung der Richtlinie zur Vorratsdatenspeicherung<\/a> hergestellt werden.<\/p>\n<p>Beitragsbild von: Fleshas (abrufbar unter: <a class=\"short-url\" href=\"http:\/\/bit.ly\/1lgvrgY\">bit.ly\/1lgvrgY<\/a>)<\/p>\n","protected":false},"excerpt":{"rendered":"<p>Der Gerichtshof f\u00fchrt seine neue Linie eines verst\u00e4rkten Grundrechtsschutzes aufgrund der Grundrechtecharta der Europ\u00e4ischen Union fort Am 13.05.2014 f\u00e4llte der Europ\u00e4ische Gerichtshof zu Luxemburg sein<\/p>\n","protected":false},"author":16,"featured_media":380,"comment_status":"closed","ping_status":"closed","sticky":false,"template":"","format":"standard","meta":{"footnotes":""},"categories":[1],"tags":[50,19,37,49],"class_list":["post-381","post","type-post","status-publish","format-standard","has-post-thumbnail","hentry","category-allgemein","tag-datenschutz","tag-eugh","tag-grundrechte","tag-rechtsprechung"],"cc_featured_image_caption":{"caption_text":false,"source_text":false,"source_url":false},"_links":{"self":[{"href":"https:\/\/jean-monnet-saar.eu\/index.php?rest_route=\/wp\/v2\/posts\/381","targetHints":{"allow":["GET"]}}],"collection":[{"href":"https:\/\/jean-monnet-saar.eu\/index.php?rest_route=\/wp\/v2\/posts"}],"about":[{"href":"https:\/\/jean-monnet-saar.eu\/index.php?rest_route=\/wp\/v2\/types\/post"}],"author":[{"embeddable":true,"href":"https:\/\/jean-monnet-saar.eu\/index.php?rest_route=\/wp\/v2\/users\/16"}],"replies":[{"embeddable":true,"href":"https:\/\/jean-monnet-saar.eu\/index.php?rest_route=%2Fwp%2Fv2%2Fcomments&post=381"}],"version-history":[{"count":0,"href":"https:\/\/jean-monnet-saar.eu\/index.php?rest_route=\/wp\/v2\/posts\/381\/revisions"}],"wp:featuredmedia":[{"embeddable":true,"href":"https:\/\/jean-monnet-saar.eu\/index.php?rest_route=\/wp\/v2\/media\/380"}],"wp:attachment":[{"href":"https:\/\/jean-monnet-saar.eu\/index.php?rest_route=%2Fwp%2Fv2%2Fmedia&parent=381"}],"wp:term":[{"taxonomy":"category","embeddable":true,"href":"https:\/\/jean-monnet-saar.eu\/index.php?rest_route=%2Fwp%2Fv2%2Fcategories&post=381"},{"taxonomy":"post_tag","embeddable":true,"href":"https:\/\/jean-monnet-saar.eu\/index.php?rest_route=%2Fwp%2Fv2%2Ftags&post=381"}],"curies":[{"name":"wp","href":"https:\/\/api.w.org\/{rel}","templated":true}]}}