{"id":459,"date":"2014-06-02T09:36:23","date_gmt":"2014-06-02T07:36:23","guid":{"rendered":"https:\/\/jean-monnet-saar.eu\/?p=459"},"modified":"2021-01-26T13:51:36","modified_gmt":"2021-01-26T11:51:36","slug":"die-eu-und-ihre-reidentifikation-als-hueterin-der-menschenrechte","status":"publish","type":"post","link":"https:\/\/jean-monnet-saar.eu\/?p=459","title":{"rendered":"Die EU und ihre Reidentifikation als H\u00fcterin der Menschenrechte"},"content":{"rendered":"<h2>Eine Analyse der neuen Rechtsprechungslinie des EuGH ausgehend vom <strong>\u00c5kerberg Fransson Urteil<\/strong><\/h2>\n<p>Im Rahmen der sogenannten <a href=\"http:\/\/www.uni-heidelberg.de\/fakultaeten\/neuphil\/iask\/sued\/aktuelles\/montagskonferenz.html\" target=\"_blank\" rel=\"noopener\">&#8222;Montagskonferenzen&#8220;<\/a> wurde der Jean-Monnet-Lehrstuhl an der Universit\u00e4t des Saarlandes vom <a href=\"http:\/\/www.uni-heidelberg.de\/fakultaeten\/neuphil\/iask\/sued\/index.html\" target=\"_blank\" rel=\"noopener\">Institut f\u00fcr Dolmetschen der Universit\u00e4t zu Heidelberg<\/a> eingeladen, einen Vortrag im Rahmen des Themas &#8222;Die Europ\u00e4ische Union im 21. Jahrhundert &#8211; auf dem Weg zum Superstaat?&#8220; zu gestalten.<\/p>\n<p>Lehrstuhlmitarbeiter Oskar Josef Gstrein nahm das Thema zum Anlass, um die Neupositionierung des Europ\u00e4ischen Gerichtshofs im Bereich des Menschenrechtsschutzes ausgehend von der Rechtsprechung\u00a0<a href=\"http:\/\/eur-lex.europa.eu\/legal-content\/DE\/TXT\/?qid=1401693381574&amp;uri=CELEX:62010CJ0617\" target=\"_blank\" rel=\"noopener\">\u00c5kerberg Fransson <\/a>zu analysieren und die Frage zu stellen, ob man gegenw\u00e4rtig im Bereich der Europ\u00e4ischen Union insgesamt von einer &#8222;Reidentifikation als H\u00fcterin der Menschenrechte&#8220; sprechen kann.<\/p>\n","protected":false},"excerpt":{"rendered":"<p>Eine Analyse der neuen Rechtsprechungslinie des EuGH ausgehend vom \u00c5kerberg Fransson Urteil Im Rahmen der sogenannten &#8222;Montagskonferenzen&#8220; wurde der Jean-Monnet-Lehrstuhl an der Universit\u00e4t des Saarlandes<\/p>\n","protected":false},"author":16,"featured_media":461,"comment_status":"closed","ping_status":"closed","sticky":false,"template":"","format":"standard","meta":{"footnotes":""},"categories":[1],"tags":[38,58,59,57,47,25],"class_list":["post-459","post","type-post","status-publish","format-standard","has-post-thumbnail","hentry","category-allgemein","tag-eu","tag-jean-monnet-aktivitaet","tag-menschenrechtsschutz","tag-saar-blueprints","tag-veroeffentlichung","tag-vortrag"],"cc_featured_image_caption":{"caption_text":false,"source_text":false,"source_url":false},"_links":{"self":[{"href":"https:\/\/jean-monnet-saar.eu\/index.php?rest_route=\/wp\/v2\/posts\/459","targetHints":{"allow":["GET"]}}],"collection":[{"href":"https:\/\/jean-monnet-saar.eu\/index.php?rest_route=\/wp\/v2\/posts"}],"about":[{"href":"https:\/\/jean-monnet-saar.eu\/index.php?rest_route=\/wp\/v2\/types\/post"}],"author":[{"embeddable":true,"href":"https:\/\/jean-monnet-saar.eu\/index.php?rest_route=\/wp\/v2\/users\/16"}],"replies":[{"embeddable":true,"href":"https:\/\/jean-monnet-saar.eu\/index.php?rest_route=%2Fwp%2Fv2%2Fcomments&post=459"}],"version-history":[{"count":0,"href":"https:\/\/jean-monnet-saar.eu\/index.php?rest_route=\/wp\/v2\/posts\/459\/revisions"}],"wp:featuredmedia":[{"embeddable":true,"href":"https:\/\/jean-monnet-saar.eu\/index.php?rest_route=\/wp\/v2\/media\/461"}],"wp:attachment":[{"href":"https:\/\/jean-monnet-saar.eu\/index.php?rest_route=%2Fwp%2Fv2%2Fmedia&parent=459"}],"wp:term":[{"taxonomy":"category","embeddable":true,"href":"https:\/\/jean-monnet-saar.eu\/index.php?rest_route=%2Fwp%2Fv2%2Fcategories&post=459"},{"taxonomy":"post_tag","embeddable":true,"href":"https:\/\/jean-monnet-saar.eu\/index.php?rest_route=%2Fwp%2Fv2%2Ftags&post=459"}],"curies":[{"name":"wp","href":"https:\/\/api.w.org\/{rel}","templated":true}]}}