{"id":519,"date":"2014-06-27T11:58:08","date_gmt":"2014-06-27T09:58:08","guid":{"rendered":"https:\/\/jean-monnet-saar.eu\/?p=519"},"modified":"2021-01-26T12:53:24","modified_gmt":"2021-01-26T10:53:24","slug":"verfassungsgericht-in-oesterreich-hebt-nationales-gesetz-zu-vorratsdatenspeicherung-nach-eugh-urteil-auf","status":"publish","type":"post","link":"https:\/\/jean-monnet-saar.eu\/?p=519","title":{"rendered":"Verfassungsgericht in \u00d6sterreich hebt nationales Gesetz zu Vorratsdatenspeicherung nach EuGH Urteil auf"},"content":{"rendered":"<h2>H\u00f6chstrichter in Wien folgen der Linie des luxemburger Urteils<\/h2>\n<p style=\"text-align: left;\">Am 27.06.2014 verk\u00fcndete der \u00f6sterreichische Verfassungsgerichtshof seine Entscheidung in der Rechtssache G 47\/2012 u.a., welche sich mit der Rechtm\u00e4\u00dfigkeit der Vorratsdatenspeicherung in \u00d6sterreich auseinandersetzt. Im Laufe dieses Verfahrens stellten die Richter auch ein Vorabentscheidungsersuchen beim EuGH in Luxemburg, welches von diesem mit der <a href=\"http:\/\/curia.europa.eu\/juris\/documents.jsf?num=C-293\/12\" target=\"_blank\" rel=\"noopener\">Rechtssache C-293\/12 (Digital Rights Ireland)<\/a> verbunden wurde. Dazu hat das <a title=\"EuGH best\u00e4tigt Grundrechtsversto\u00df von Vorratsdatenspeicherungsrichtlinie\" href=\"https:\/\/jean-monnet-saar.eu\/?p=314\">Luxemburger Gericht entschieden<\/a>, dass die Vorratsdatenspeicherungsrichtlinie der EU, welche auch in \u00d6sterreich eine wesentliche Voraussetzung f\u00fcr die Durchf\u00fchrung der Vorratsdatenspeicherung darstellt, nicht mit der Grundrechtecharta der Europ\u00e4ischen Union vereinbar ist.<\/p>\n<p style=\"text-align: left;\">In ihrer Entscheidung folgen die \u00f6sterreichischen H\u00f6chstrichter nun dieser Linie der Rechtsprechung, womit die Vorratsdatenspeicherung in ihrer jetzigen Form nicht mehr verfassungskonform ist und eingestellt werden muss. Die Richter f\u00fchren dazu unter anderem aus:<\/p>\n<blockquote>\n<div dir=\"ltr\" style=\"font-size: 20px; font-family: sans-serif; left: 686.717px; top: 1043.77px; transform: rotate(0deg) scale(0.854054, 1); transform-origin: 0% 0% 0px;\" data-angle=\"0\" data-font-name=\"g_font_11_0\" data-canvas-width=\"9.479999773979188\">\n<ul>\n<li>Ein so gravierender Eingriff in die Grundrechte wie er durch die Vorratsdatenspeicherung erfolgt, muss so gestaltet sein, dass er mit dem Datenschutzgesetz und der Menschenrechtskonvention im Einklang steht.<\/li>\n<li>Die \u201eStreubreite\u201c der Vorratsdatenspeicherung \u00fcbertrifft die bisher in der Rechtsprechung des Verfassungsgerichtshofes zu beurteilenden Eingriffe in das Grundrecht auf Datenschutz, und zwar sowohl hinsichtlich des betroffenen Personenkreises \u2013 nahezu die gesamte Bev\u00f6lkerung ist davon betroffen \u2013 als auch der Art der betroffenen Daten, sowie der Modalit\u00e4t der Datenverwendung.<\/li>\n<li>Das Grundrecht auf Datenschutz, so der Verfassungsgerichtshof, ist in einer demokratischen Gesellschaft auf die Erm\u00f6glichung und Sicherung vertraulicher Kommunikation zwischen den Menschen gerichtet. Der Einzelne und seine freie Pers\u00f6nlichkeitsentfaltung sind nicht nur auf die \u00f6ffentliche Kommunikation in der Gemeinschaft angewiesen; die Freiheit als Anspruch des Individuums und als Zustand einer Gesellschaft wird bestimmt von der Qualit\u00e4t der Informationsbeziehungen.<\/li>\n<\/ul>\n<\/div>\n<\/blockquote>\n<p style=\"text-align: left;\">Zum ersten Punkt kann angemerkt werden, dass der Verweis auf die Europ\u00e4ische Menschenrechtskonvention damit zu begr\u00fcnden ist, dass diese in \u00d6sterreich im Rang einer Verfassungsbestimmung steht. Eine etwas ausf\u00fchrlichere Darstellung der Entscheidung kann au\u00dferdem in einer <a href=\"http:\/\/www.vfgh.gv.at\/cms\/vfgh-site\/attachments\/5\/0\/0\/CH0003\/CMS1403853653944\/presseinformation_verkuendung_vorratsdaten.pdf\" target=\"_blank\" rel=\"noopener\">Presseinformation des Verfassungsgerichtshofs<\/a> nachgelesen werden. Zum Hintergrund und den Auswirkungen des Verfahrens ist ein <a href=\"http:\/\/derstandard.at\/2000002350932\/Verfassungsgerichtshof-kippt-Vorratsdatenspeicherung?ref=rss\" target=\"_blank\" rel=\"noopener\">Artikel der Tageszeitung &#8222;Der Standard&#8220; <\/a>empfehlenswert. Es wird sich zeigen, inwiefern das heutige Urteil auch die Rechtsprechung anderer europ\u00e4ischer H\u00f6chstgerichte beeinflusst.<\/p>\n<p style=\"text-align: left;\">\n<p style=\"text-align: left;\"><strong>Update 08.07.2014<\/strong>: In Gro\u00dfbritannien wird wohl aufgrund der Entscheidung des EuGH zur Aufhebung der Vorratsdatenspeicherungsrichtlinie <a href=\"http:\/\/www.theguardian.com\/law\/2014\/jul\/06\/track-phone-usage-law-snoopers-charter\" target=\"_blank\" rel=\"noopener\">ein neues nationales Gesetz erlassen<\/a>, welches die bisher vorgesehenen M\u00f6glichkeit zur Speicherung und dem Zugriff auf Vorratsdaten beibehalten soll. Die Reaktionen in den unterschiedlichen Mitgliedstaaten fallen also unterschiedlich aus. Es stellt sich die Frage, ob man hier von einer R\u00fcckgabe von Kompetenzen an die Mitgliedstaaten sprechen kann, nachdem die Kommission <a href=\"http:\/\/www.welt.de\/politik\/ausland\/article128698101\/EU-will-keine-neuen-Regeln-fuer-Vorratsdaten.html\" target=\"_blank\" rel=\"noopener\">offensichtlich keine neue Richtlinie anstrebt<\/a>.<\/p>\n<p style=\"text-align: left;\">\n<p>Beitragsbild: Andreas Demmelbauer (http:\/\/commons.wikimedia.org\/wiki\/File:Akvorrat-oesterreich.jpg?uselang=de)<\/p>\n","protected":false},"excerpt":{"rendered":"<p>H\u00f6chstrichter in Wien folgen der Linie des luxemburger Urteils Am 27.06.2014 verk\u00fcndete der \u00f6sterreichische Verfassungsgerichtshof seine Entscheidung in der Rechtssache G 47\/2012 u.a., welche sich<\/p>\n","protected":false},"author":16,"featured_media":520,"comment_status":"closed","ping_status":"closed","sticky":false,"template":"","format":"standard","meta":{"footnotes":""},"categories":[1],"tags":[19,62,36],"class_list":["post-519","post","type-post","status-publish","format-standard","has-post-thumbnail","hentry","category-allgemein","tag-eugh","tag-urteil","tag-vorratsdatenspeicherung"],"cc_featured_image_caption":{"caption_text":false,"source_text":false,"source_url":false},"_links":{"self":[{"href":"https:\/\/jean-monnet-saar.eu\/index.php?rest_route=\/wp\/v2\/posts\/519","targetHints":{"allow":["GET"]}}],"collection":[{"href":"https:\/\/jean-monnet-saar.eu\/index.php?rest_route=\/wp\/v2\/posts"}],"about":[{"href":"https:\/\/jean-monnet-saar.eu\/index.php?rest_route=\/wp\/v2\/types\/post"}],"author":[{"embeddable":true,"href":"https:\/\/jean-monnet-saar.eu\/index.php?rest_route=\/wp\/v2\/users\/16"}],"replies":[{"embeddable":true,"href":"https:\/\/jean-monnet-saar.eu\/index.php?rest_route=%2Fwp%2Fv2%2Fcomments&post=519"}],"version-history":[{"count":0,"href":"https:\/\/jean-monnet-saar.eu\/index.php?rest_route=\/wp\/v2\/posts\/519\/revisions"}],"wp:featuredmedia":[{"embeddable":true,"href":"https:\/\/jean-monnet-saar.eu\/index.php?rest_route=\/wp\/v2\/media\/520"}],"wp:attachment":[{"href":"https:\/\/jean-monnet-saar.eu\/index.php?rest_route=%2Fwp%2Fv2%2Fmedia&parent=519"}],"wp:term":[{"taxonomy":"category","embeddable":true,"href":"https:\/\/jean-monnet-saar.eu\/index.php?rest_route=%2Fwp%2Fv2%2Fcategories&post=519"},{"taxonomy":"post_tag","embeddable":true,"href":"https:\/\/jean-monnet-saar.eu\/index.php?rest_route=%2Fwp%2Fv2%2Ftags&post=519"}],"curies":[{"name":"wp","href":"https:\/\/api.w.org\/{rel}","templated":true}]}}