{"id":566,"date":"2014-07-25T10:27:44","date_gmt":"2014-07-25T08:27:44","guid":{"rendered":"https:\/\/jean-monnet-saar.eu\/?p=566"},"modified":"2018-05-24T09:34:03","modified_gmt":"2018-05-24T07:34:03","slug":"prof-giegerich-gibt-stellungnahme-in-ard-tagesthemen-ab","status":"publish","type":"post","link":"https:\/\/jean-monnet-saar.eu\/?p=566","title":{"rendered":"Prof. Giegerich gibt Stellungnahme in ARD Tagesthemen ab"},"content":{"rendered":"<h2>V\u00f6lkerrechtliche Einsch\u00e4tzung zur aktuellen Lage in Israel und Pal\u00e4stina<\/h2>\n<p>In der ARD Sendung &#8222;Tagesthemen&#8220; vom 24.07.2014 gibt Prof. Giegerich eine v\u00f6lkerrechtliche Stellungnahme zu den Verhaltensweisen der Konfliktparteien im Nahen Osten ab. Das Interview wurde in Saarbr\u00fccken vor dem Europa-Institut der Universit\u00e4t des Saarlandes aufgezeichnet und kann \u00fcber die ARD Mediathek angesehen werden. Es handelt sich gleich um den ersten Beitrag, welcher <a href=\"http:\/\/www.ardmediathek.de\/tv\/Tagesthemen\/tagesthemen\/Das-Erste\/Video?documentId=22572022&amp;bcastId=3914&amp;mpage=page.info\" target=\"_blank\">\u00fcber diesen Link abgerufen werden kann.<\/a> Alternativ kann der Beitrag auch <a href=\"https:\/\/drive.google.com\/file\/d\/0Bwa5MjGaMhWQSGd1OVZyZ19lYkE\/edit?usp=sharing\" target=\"_blank\">\u00fcber diesen Link heruntergeladen und angeh\u00f6rt werden.<\/a><\/p>\n<p><a href=\"https:\/\/jean-monnet-saar.eu\/wp-content\/uploads\/2014\/07\/giegerich_tagesthemen.jpg\"><img loading=\"lazy\" decoding=\"async\" class=\"aligncenter size-large wp-image-568\" src=\"https:\/\/jean-monnet-saar.eu\/wp-content\/uploads\/2014\/07\/giegerich_tagesthemen-1024x600.jpg\" alt=\"giegerich_tagesthemen\" width=\"1024\" height=\"600\" srcset=\"https:\/\/jean-monnet-saar.eu\/wp-content\/uploads\/2014\/07\/giegerich_tagesthemen-1024x600.jpg 1024w, https:\/\/jean-monnet-saar.eu\/wp-content\/uploads\/2014\/07\/giegerich_tagesthemen-300x175.jpg 300w, https:\/\/jean-monnet-saar.eu\/wp-content\/uploads\/2014\/07\/giegerich_tagesthemen-900x527.jpg 900w, https:\/\/jean-monnet-saar.eu\/wp-content\/uploads\/2014\/07\/giegerich_tagesthemen.jpg 1250w\" sizes=\"auto, (max-width: 1024px) 100vw, 1024px\" \/><\/a><\/p>\n","protected":false},"excerpt":{"rendered":"<p>V\u00f6lkerrechtliche Einsch\u00e4tzung zur aktuellen Lage in Israel und Pal\u00e4stina In der ARD Sendung &#8222;Tagesthemen&#8220; vom 24.07.2014 gibt Prof. Giegerich eine v\u00f6lkerrechtliche Stellungnahme zu den Verhaltensweisen<\/p>\n","protected":false},"author":16,"featured_media":567,"comment_status":"closed","ping_status":"closed","sticky":false,"template":"","format":"standard","meta":{"footnotes":""},"categories":[1],"tags":[65,66,118],"class_list":["post-566","post","type-post","status-publish","format-standard","has-post-thumbnail","hentry","category-allgemein","tag-ard","tag-interview","tag-stellungnahme"],"cc_featured_image_caption":{"caption_text":false,"source_text":false,"source_url":false},"_links":{"self":[{"href":"https:\/\/jean-monnet-saar.eu\/index.php?rest_route=\/wp\/v2\/posts\/566","targetHints":{"allow":["GET"]}}],"collection":[{"href":"https:\/\/jean-monnet-saar.eu\/index.php?rest_route=\/wp\/v2\/posts"}],"about":[{"href":"https:\/\/jean-monnet-saar.eu\/index.php?rest_route=\/wp\/v2\/types\/post"}],"author":[{"embeddable":true,"href":"https:\/\/jean-monnet-saar.eu\/index.php?rest_route=\/wp\/v2\/users\/16"}],"replies":[{"embeddable":true,"href":"https:\/\/jean-monnet-saar.eu\/index.php?rest_route=%2Fwp%2Fv2%2Fcomments&post=566"}],"version-history":[{"count":0,"href":"https:\/\/jean-monnet-saar.eu\/index.php?rest_route=\/wp\/v2\/posts\/566\/revisions"}],"wp:featuredmedia":[{"embeddable":true,"href":"https:\/\/jean-monnet-saar.eu\/index.php?rest_route=\/wp\/v2\/media\/567"}],"wp:attachment":[{"href":"https:\/\/jean-monnet-saar.eu\/index.php?rest_route=%2Fwp%2Fv2%2Fmedia&parent=566"}],"wp:term":[{"taxonomy":"category","embeddable":true,"href":"https:\/\/jean-monnet-saar.eu\/index.php?rest_route=%2Fwp%2Fv2%2Fcategories&post=566"},{"taxonomy":"post_tag","embeddable":true,"href":"https:\/\/jean-monnet-saar.eu\/index.php?rest_route=%2Fwp%2Fv2%2Ftags&post=566"}],"curies":[{"name":"wp","href":"https:\/\/api.w.org\/{rel}","templated":true}]}}